{"id":7988,"date":"2022-11-07T11:32:22","date_gmt":"2022-11-07T11:32:22","guid":{"rendered":"https:\/\/www.chezlestices.fr\/CapTice\/?p=7988"},"modified":"2022-11-07T13:58:50","modified_gmt":"2022-11-07T13:58:50","slug":"journees-nationales-anstia-on-y-etait-on-vous-raconte","status":"publish","type":"post","link":"https:\/\/www.chezlestices.fr\/CapTice\/journees-nationales-anstia-on-y-etait-on-vous-raconte\/","title":{"rendered":"Journ\u00e9es nationales ANSTIA : on y \u00e9tait, on vous raconte !"},"content":{"rendered":"\t\t<div data-elementor-type=\"wp-post\" data-elementor-id=\"7988\" class=\"elementor elementor-7988\">\n\t\t\t\t\t\t<section class=\"elementor-section elementor-top-section elementor-element elementor-element-712b3e4 elementor-section-boxed elementor-section-height-default elementor-section-height-default wpr-particle-no wpr-jarallax-no wpr-parallax-no wpr-sticky-section-no wpr-equal-height-no\" data-id=\"712b3e4\" data-element_type=\"section\" data-e-type=\"section\">\n\t\t\t\t\t\t<div class=\"elementor-container elementor-column-gap-default\">\n\t\t\t\t\t<div class=\"elementor-column elementor-col-50 elementor-top-column elementor-element elementor-element-6523a05\" data-id=\"6523a05\" data-element_type=\"column\" data-e-type=\"column\">\n\t\t\t<div class=\"elementor-widget-wrap elementor-element-populated\">\n\t\t\t\t\t\t<div class=\"elementor-element elementor-element-ef6509b elementor-widget elementor-widget-text-editor\" data-id=\"ef6509b\" data-element_type=\"widget\" data-e-type=\"widget\" data-widget_type=\"text-editor.default\">\n\t\t\t\t<div class=\"elementor-widget-container\">\n\t\t\t\t\t\t\t\t\t<p>Les journ\u00e9es nationales ANSTIA avaient lieu ce d\u00e9but Novembre, et nous y avons assist\u00e9 afin de continuer \u00e0 explorer de nouvelles id\u00e9es et m\u00e9thodes pour faire \u00e9voluer nos m\u00e9tiers.<\/p>\t\t\t\t\t\t\t\t<\/div>\n\t\t\t\t<\/div>\n\t\t\t\t<div class=\"elementor-element elementor-element-0e31bdd elementor-widget elementor-widget-text-editor\" data-id=\"0e31bdd\" data-element_type=\"widget\" data-e-type=\"widget\" data-widget_type=\"text-editor.default\">\n\t\t\t\t<div class=\"elementor-widget-container\">\n\t\t\t\t\t\t\t\t\t<p>Ces 2-3-4 Novembre, nous \u00e9tions pr\u00e9sents \u00e0 <strong>Sciences Po Bordeaux,\u00a0<\/strong>sur le campus de Pessac,\u00a0 \u00e0 l&rsquo;occasion des<strong> journ\u00e9es nationales Anstia<\/strong>. Cet \u00e9v\u00e9nement f\u00e9d\u00e9rateur rassemble des professionnels de l&rsquo;<strong>audiovisuel<\/strong> et de l&rsquo;<strong>ing\u00e9nierie p\u00e9dagogique<\/strong>, et permet d\u2019\u00e9changer avec tous les m\u00e9tiers de l\u2019association dans le cadre de rencontres, de conf\u00e9rences, d\u2019ateliers et de projets. Au programme : trouver des pistes pour travailler ensemble tout en laissant chacun s&rsquo;\u00e9panouir dans ses activit\u00e9s !<\/p><p>Apr\u00e8s un mot d&rsquo;ouverture de la pr\u00e9sidente Sophie Guichard et du reste de l&rsquo;\u00e9quipe, s&rsquo;en est suivi une visioconf\u00e9rence de C\u00e9cile Dejoux, enseignante au Cnam, sur le <strong>management hybride<\/strong> et les nouvelles m\u00e9thodes de management \u00e0 l&rsquo;\u00e8re du num\u00e9rique.<\/p>\t\t\t\t\t\t\t\t<\/div>\n\t\t\t\t<\/div>\n\t\t\t\t\t<\/div>\n\t\t<\/div>\n\t\t\t\t<div class=\"elementor-column elementor-col-50 elementor-top-column elementor-element elementor-element-e40faa7\" data-id=\"e40faa7\" data-element_type=\"column\" data-e-type=\"column\">\n\t\t\t<div class=\"elementor-widget-wrap elementor-element-populated\">\n\t\t\t\t\t\t<div class=\"elementor-element elementor-element-dcbfc2d elementor-widget elementor-widget-image\" data-id=\"dcbfc2d\" data-element_type=\"widget\" data-e-type=\"widget\" data-widget_type=\"image.default\">\n\t\t\t\t<div class=\"elementor-widget-container\">\n\t\t\t\t\t\t\t\t\t\t\t\t<figure class=\"wp-caption\">\n\t\t\t\t\t\t\t\t\t\t<img fetchpriority=\"high\" decoding=\"async\" width=\"400\" height=\"375\" src=\"https:\/\/www.chezlestices.fr\/CapTice\/wp-content\/uploads\/2022\/11\/IMG_1124-2.jpg\" class=\"attachment-medium_large size-medium_large wp-image-7989\" alt=\"L&#039;\u00e9quipe d&#039;Anstia pr\u00e9sente l&#039;\u00e9v\u00e9nement\" srcset=\"https:\/\/www.chezlestices.fr\/CapTice\/wp-content\/uploads\/2022\/11\/IMG_1124-2.jpg 400w, https:\/\/www.chezlestices.fr\/CapTice\/wp-content\/uploads\/2022\/11\/IMG_1124-2-300x281.jpg 300w\" sizes=\"(max-width: 400px) 100vw, 400px\" \/>\t\t\t\t\t\t\t\t\t\t\t<figcaption class=\"widget-image-caption wp-caption-text\">Discours d'ouverture des journ\u00e9es nationales Anstia<\/figcaption>\n\t\t\t\t\t\t\t\t\t\t<\/figure>\n\t\t\t\t\t\t\t\t\t<\/div>\n\t\t\t\t<\/div>\n\t\t\t\t\t<\/div>\n\t\t<\/div>\n\t\t\t\t\t<\/div>\n\t\t<\/section>\n\t\t\t\t<section class=\"elementor-section elementor-top-section elementor-element elementor-element-dc1aa67 elementor-section-boxed elementor-section-height-default elementor-section-height-default wpr-particle-no wpr-jarallax-no wpr-parallax-no wpr-sticky-section-no wpr-equal-height-no\" data-id=\"dc1aa67\" data-element_type=\"section\" data-e-type=\"section\">\n\t\t\t\t\t\t<div class=\"elementor-container elementor-column-gap-default\">\n\t\t\t\t\t<div class=\"elementor-column elementor-col-100 elementor-top-column elementor-element elementor-element-300fe4f\" data-id=\"300fe4f\" data-element_type=\"column\" data-e-type=\"column\">\n\t\t\t<div class=\"elementor-widget-wrap elementor-element-populated\">\n\t\t\t\t\t\t<div class=\"elementor-element elementor-element-6bca223 elementor-widget elementor-widget-heading\" data-id=\"6bca223\" data-element_type=\"widget\" data-e-type=\"widget\" data-widget_type=\"heading.default\">\n\t\t\t\t<div class=\"elementor-widget-container\">\n\t\t\t\t\t<h4 class=\"elementor-heading-title elementor-size-default\">R\u00e9flexion commune et brainstorming<\/h4>\t\t\t\t<\/div>\n\t\t\t\t<\/div>\n\t\t\t\t\t<\/div>\n\t\t<\/div>\n\t\t\t\t\t<\/div>\n\t\t<\/section>\n\t\t\t\t<section class=\"elementor-section elementor-top-section elementor-element elementor-element-f322b83 elementor-section-boxed elementor-section-height-default elementor-section-height-default wpr-particle-no wpr-jarallax-no wpr-parallax-no wpr-sticky-section-no wpr-equal-height-no\" data-id=\"f322b83\" data-element_type=\"section\" data-e-type=\"section\">\n\t\t\t\t\t\t<div class=\"elementor-container elementor-column-gap-default\">\n\t\t\t\t\t<div class=\"elementor-column elementor-col-50 elementor-top-column elementor-element elementor-element-4006d2f\" data-id=\"4006d2f\" data-element_type=\"column\" data-e-type=\"column\">\n\t\t\t<div class=\"elementor-widget-wrap elementor-element-populated\">\n\t\t\t\t\t\t<div class=\"elementor-element elementor-element-e63fdcc elementor-widget elementor-widget-image\" data-id=\"e63fdcc\" data-element_type=\"widget\" data-e-type=\"widget\" data-widget_type=\"image.default\">\n\t\t\t\t<div class=\"elementor-widget-container\">\n\t\t\t\t\t\t\t\t\t\t\t\t<figure class=\"wp-caption\">\n\t\t\t\t\t\t\t\t\t\t<img decoding=\"async\" width=\"400\" height=\"375\" src=\"https:\/\/www.chezlestices.fr\/CapTice\/wp-content\/uploads\/2022\/11\/IMG_1125-2.jpg\" class=\"attachment-large size-large wp-image-7990\" alt=\"R\u00e9flexion autour du travail d&#039;un chef de projet\" srcset=\"https:\/\/www.chezlestices.fr\/CapTice\/wp-content\/uploads\/2022\/11\/IMG_1125-2.jpg 400w, https:\/\/www.chezlestices.fr\/CapTice\/wp-content\/uploads\/2022\/11\/IMG_1125-2-300x281.jpg 300w\" sizes=\"(max-width: 400px) 100vw, 400px\" \/>\t\t\t\t\t\t\t\t\t\t\t<figcaption class=\"widget-image-caption wp-caption-text\">Mise en commun d'id\u00e9es sur le r\u00f4le de chef de projet au sein d'une \u00e9quipe<\/figcaption>\n\t\t\t\t\t\t\t\t\t\t<\/figure>\n\t\t\t\t\t\t\t\t\t<\/div>\n\t\t\t\t<\/div>\n\t\t\t\t\t<\/div>\n\t\t<\/div>\n\t\t\t\t<div class=\"elementor-column elementor-col-50 elementor-top-column elementor-element elementor-element-2c27bca\" data-id=\"2c27bca\" data-element_type=\"column\" data-e-type=\"column\">\n\t\t\t<div class=\"elementor-widget-wrap elementor-element-populated\">\n\t\t\t\t\t\t<div class=\"elementor-element elementor-element-bc25af4 elementor-widget elementor-widget-text-editor\" data-id=\"bc25af4\" data-element_type=\"widget\" data-e-type=\"widget\" data-widget_type=\"text-editor.default\">\n\t\t\t\t<div class=\"elementor-widget-container\">\n\t\t\t\t\t\t\t\t\t<p>Un atelier \u00ab\u00a0<strong><em>Le chef de Projet : cet inconnu \u00e0 int\u00e9grer&#8230; ou pas !<\/em><\/strong>\u00a0\u00bb \u00e9tait d\u00e9di\u00e9 \u00e0 explorer nos rapports avec ce dernier dans le cadre de notre travail. Nous nous sommes donc questionn\u00e9s sur le r\u00f4le que le chef de projet occupe au sein d&rsquo;un groupe, aux difficult\u00e9s auxquelles il est heurt\u00e9, \u00e0 ses aspirations, ses envies&#8230; Ces brainstormings ont pour but de nous permettre de travailler en collaborant plus efficacement, et en r\u00e9fl\u00e9chissant \u00e0 une meilleure communication !<\/p><p>D&rsquo;autres ateliers \u00ab\u00a0<em><strong>ce coll\u00e8gue qui vous veut du bien&#8230; ou pas !<\/strong><\/em>\u00a0\u00bb ou \u00ab\u00a0<em><strong>comment tuer son chef&#8230; ou pas !<\/strong><\/em>\u00ab\u00a0, contrairement \u00e0 ce que leurs noms laissent pr\u00e9sager, avaient pour but de faciliter les \u00e9changes entres coll\u00e8gues, managers ou manag\u00e9\u00b7e\u00b7s. En se confrontant aux probl\u00e9matiques de chacun\u00b7e, il est plus facile de dialoguer et de mettre en place des m\u00e9thodes permettant d&rsquo;arriver \u00e0 des r\u00e9sultats concrets !<\/p>\t\t\t\t\t\t\t\t<\/div>\n\t\t\t\t<\/div>\n\t\t\t\t\t<\/div>\n\t\t<\/div>\n\t\t\t\t\t<\/div>\n\t\t<\/section>\n\t\t\t\t<section class=\"elementor-section elementor-top-section elementor-element elementor-element-90772d1 elementor-section-boxed elementor-section-height-default elementor-section-height-default wpr-particle-no wpr-jarallax-no wpr-parallax-no wpr-sticky-section-no wpr-equal-height-no\" data-id=\"90772d1\" data-element_type=\"section\" data-e-type=\"section\">\n\t\t\t\t\t\t<div class=\"elementor-container elementor-column-gap-default\">\n\t\t\t\t\t<div class=\"elementor-column elementor-col-50 elementor-top-column elementor-element elementor-element-1e25605\" data-id=\"1e25605\" data-element_type=\"column\" data-e-type=\"column\">\n\t\t\t<div class=\"elementor-widget-wrap elementor-element-populated\">\n\t\t\t\t\t\t<div class=\"elementor-element elementor-element-b734897 elementor-widget elementor-widget-text-editor\" data-id=\"b734897\" data-element_type=\"widget\" data-e-type=\"widget\" data-widget_type=\"text-editor.default\">\n\t\t\t\t<div class=\"elementor-widget-container\">\n\t\t\t\t\t\t\t\t\t<p>A ces activit\u00e9s s&rsquo;ajoutaient des conf\u00e9rences donn\u00e9es par des professionnel\u00b7le\u00b7s du milieux, des tables rondes autour de l&rsquo;<strong>accessibilit\u00e9 num\u00e9rique<\/strong> ou des difficult\u00e9s li\u00e9es \u00e0 nos m\u00e9tiers. Nous avons eu notamment la chance d&rsquo;assister \u00e0 une pr\u00e9sentation de Marie Berthoumieu, charg\u00e9e de programme, sur le <strong>management des plateformes vid\u00e9os chez <em>Arte<\/em><\/strong>. Nous retiendrons \u00e9galement la conf\u00e9rence de Jean-Charles Cailliez \u00e0 propos du <strong>management des projets d&rsquo;innovation<\/strong>, avec un support enti\u00e8rement illustr\u00e9 \u00e0 l&rsquo;\u00e9cran pour soutenir son discours !<\/p><p>L&rsquo;occasion \u00e9tait id\u00e9ale pour d\u00e9couvrir de <strong>nouvelles m\u00e9thodes d&rsquo;apprentissage<\/strong>, donner envie aux enseignant\u00b7e\u00b7s de d\u00e9velopper les pratiques de classes invers\u00e9es et travailler l&rsquo;<strong>interactivit\u00e9<\/strong> de leurs cours, en rendant les \u00e9tudiant\u00b7e\u00b7s acteur\u00b7rice\u00b7s et non plus spectateur\u00b7rice\u00b7s.<br \/>Les prochaines journ\u00e9es nationales se tiendront en Novembre prochain \u00e0 la R\u00e9union, n&rsquo;h\u00e9sitez pas \u00e0 vous renseigner si vous souhaitez y participer !<\/p>\t\t\t\t\t\t\t\t<\/div>\n\t\t\t\t<\/div>\n\t\t\t\t\t<\/div>\n\t\t<\/div>\n\t\t\t\t<div class=\"elementor-column elementor-col-50 elementor-top-column elementor-element elementor-element-0ccfb31\" data-id=\"0ccfb31\" data-element_type=\"column\" data-e-type=\"column\">\n\t\t\t<div class=\"elementor-widget-wrap elementor-element-populated\">\n\t\t\t\t\t\t<div class=\"elementor-element elementor-element-f337852 elementor-widget elementor-widget-image\" data-id=\"f337852\" data-element_type=\"widget\" data-e-type=\"widget\" data-widget_type=\"image.default\">\n\t\t\t\t<div class=\"elementor-widget-container\">\n\t\t\t\t\t\t\t\t\t\t\t\t<figure class=\"wp-caption\">\n\t\t\t\t\t\t\t\t\t\t<img decoding=\"async\" width=\"400\" height=\"375\" src=\"https:\/\/www.chezlestices.fr\/CapTice\/wp-content\/uploads\/2022\/11\/IMG_1131-2.jpg\" class=\"attachment-large size-large wp-image-7991\" alt=\"Diffusion d&#039;un diaporama illustr\u00e9\" srcset=\"https:\/\/www.chezlestices.fr\/CapTice\/wp-content\/uploads\/2022\/11\/IMG_1131-2.jpg 400w, https:\/\/www.chezlestices.fr\/CapTice\/wp-content\/uploads\/2022\/11\/IMG_1131-2-300x281.jpg 300w\" sizes=\"(max-width: 400px) 100vw, 400px\" \/>\t\t\t\t\t\t\t\t\t\t\t<figcaption class=\"widget-image-caption wp-caption-text\">J.C. Cailliez \u00e9voque l'utilisation des outils collaboratifs dans l'enseignement<\/figcaption>\n\t\t\t\t\t\t\t\t\t\t<\/figure>\n\t\t\t\t\t\t\t\t\t<\/div>\n\t\t\t\t<\/div>\n\t\t\t\t\t<\/div>\n\t\t<\/div>\n\t\t\t\t\t<\/div>\n\t\t<\/section>\n\t\t\t\t<section class=\"elementor-section elementor-top-section elementor-element elementor-element-8be58dc elementor-section-boxed elementor-section-height-default elementor-section-height-default wpr-particle-no wpr-jarallax-no wpr-parallax-no wpr-sticky-section-no wpr-equal-height-no\" data-id=\"8be58dc\" data-element_type=\"section\" data-e-type=\"section\">\n\t\t\t\t\t\t<div class=\"elementor-container elementor-column-gap-default\">\n\t\t\t\t\t<div class=\"elementor-column elementor-col-100 elementor-top-column elementor-element elementor-element-7dfdff2\" data-id=\"7dfdff2\" data-element_type=\"column\" data-e-type=\"column\">\n\t\t\t<div class=\"elementor-widget-wrap elementor-element-populated\">\n\t\t\t\t\t\t<div class=\"elementor-element elementor-element-36d7c09 elementor-widget elementor-widget-image\" data-id=\"36d7c09\" data-element_type=\"widget\" data-e-type=\"widget\" data-widget_type=\"image.default\">\n\t\t\t\t<div class=\"elementor-widget-container\">\n\t\t\t\t\t\t\t\t\t\t\t\t\t\t\t<img loading=\"lazy\" decoding=\"async\" width=\"1024\" height=\"724\" src=\"https:\/\/www.chezlestices.fr\/CapTice\/wp-content\/uploads\/2022\/11\/Journees-ANSTIA.jpg\" class=\"attachment-large size-large wp-image-7992\" alt=\"Sketchnote r\u00e9sumant les activit\u00e9s de l&#039;\u00e9v\u00e9nement\" srcset=\"https:\/\/www.chezlestices.fr\/CapTice\/wp-content\/uploads\/2022\/11\/Journees-ANSTIA.jpg 1024w, https:\/\/www.chezlestices.fr\/CapTice\/wp-content\/uploads\/2022\/11\/Journees-ANSTIA-300x212.jpg 300w, https:\/\/www.chezlestices.fr\/CapTice\/wp-content\/uploads\/2022\/11\/Journees-ANSTIA-768x543.jpg 768w\" sizes=\"(max-width: 1024px) 100vw, 1024px\" \/>\t\t\t\t\t\t\t\t\t\t\t\t\t\t\t<\/div>\n\t\t\t\t<\/div>\n\t\t\t\t\t<\/div>\n\t\t<\/div>\n\t\t\t\t\t<\/div>\n\t\t<\/section>\n\t\t\t\t<\/div>\n\t\t","protected":false},"excerpt":{"rendered":"<p>Les journ\u00e9es nationales ANSTIA avaient lieu ce d\u00e9but Novembre, et nous y avons assist\u00e9 afin de continuer \u00e0 explorer de nouvelles id\u00e9es et m\u00e9thodes pour faire \u00e9voluer nos m\u00e9tiers.<\/p>\n","protected":false},"author":4,"featured_media":7993,"comment_status":"open","ping_status":"open","sticky":false,"template":"","format":"standard","meta":{"_monsterinsights_skip_tracking":false,"_monsterinsights_sitenote_active":false,"_monsterinsights_sitenote_note":"","_monsterinsights_sitenote_category":0,"ocean_post_layout":"","ocean_both_sidebars_style":"","ocean_both_sidebars_content_width":0,"ocean_both_sidebars_sidebars_width":0,"ocean_sidebar":"","ocean_second_sidebar":"","ocean_disable_margins":"enable","ocean_add_body_class":"","ocean_shortcode_before_top_bar":"","ocean_shortcode_after_top_bar":"","ocean_shortcode_before_header":"","ocean_shortcode_after_header":"","ocean_has_shortcode":"","ocean_shortcode_after_title":"","ocean_shortcode_before_footer_widgets":"","ocean_shortcode_after_footer_widgets":"","ocean_shortcode_before_footer_bottom":"","ocean_shortcode_after_footer_bottom":"","ocean_display_top_bar":"default","ocean_display_header":"default","ocean_header_style":"","ocean_center_header_left_menu":"","ocean_custom_header_template":"","ocean_custom_logo":0,"ocean_custom_retina_logo":0,"ocean_custom_logo_max_width":0,"ocean_custom_logo_tablet_max_width":0,"ocean_custom_logo_mobile_max_width":0,"ocean_custom_logo_max_height":0,"ocean_custom_logo_tablet_max_height":0,"ocean_custom_logo_mobile_max_height":0,"ocean_header_custom_menu":"","ocean_menu_typo_font_family":"","ocean_menu_typo_font_subset":"","ocean_menu_typo_font_size":0,"ocean_menu_typo_font_size_tablet":0,"ocean_menu_typo_font_size_mobile":0,"ocean_menu_typo_font_size_unit":"px","ocean_menu_typo_font_weight":"","ocean_menu_typo_font_weight_tablet":"","ocean_menu_typo_font_weight_mobile":"","ocean_menu_typo_transform":"","ocean_menu_typo_transform_tablet":"","ocean_menu_typo_transform_mobile":"","ocean_menu_typo_line_height":0,"ocean_menu_typo_line_height_tablet":0,"ocean_menu_typo_line_height_mobile":0,"ocean_menu_typo_line_height_unit":"","ocean_menu_typo_spacing":0,"ocean_menu_typo_spacing_tablet":0,"ocean_menu_typo_spacing_mobile":0,"ocean_menu_typo_spacing_unit":"","ocean_menu_link_color":"","ocean_menu_link_color_hover":"","ocean_menu_link_color_active":"","ocean_menu_link_background":"","ocean_menu_link_hover_background":"","ocean_menu_link_active_background":"","ocean_menu_social_links_bg":"","ocean_menu_social_hover_links_bg":"","ocean_menu_social_links_color":"","ocean_menu_social_hover_links_color":"","ocean_disable_title":"default","ocean_disable_heading":"default","ocean_post_title":"","ocean_post_subheading":"","ocean_post_title_style":"","ocean_post_title_background_color":"","ocean_post_title_background":0,"ocean_post_title_bg_image_position":"","ocean_post_title_bg_image_attachment":"","ocean_post_title_bg_image_repeat":"","ocean_post_title_bg_image_size":"","ocean_post_title_height":0,"ocean_post_title_bg_overlay":0.5,"ocean_post_title_bg_overlay_color":"","ocean_disable_breadcrumbs":"default","ocean_breadcrumbs_color":"","ocean_breadcrumbs_separator_color":"","ocean_breadcrumbs_links_color":"","ocean_breadcrumbs_links_hover_color":"","ocean_display_footer_widgets":"default","ocean_display_footer_bottom":"default","ocean_custom_footer_template":"","_themeisle_gutenberg_block_has_review":false,"ocean_post_oembed":"","ocean_post_self_hosted_media":"","ocean_post_video_embed":"","ocean_link_format":"","ocean_link_format_target":"self","ocean_quote_format":"","ocean_quote_format_link":"post","ocean_gallery_link_images":"on","ocean_gallery_id":[],"footnotes":""},"categories":[11],"tags":[252,295,214,223,249,294,296,220,177,246,280,297,279],"class_list":["post-7988","post","type-post","status-publish","format-standard","has-post-thumbnail","hentry","category-blog","tag-accompagnement","tag-anstia","tag-apprentissage","tag-ateliers","tag-co-construction","tag-co-design","tag-conference","tag-decouverte","tag-enseignement","tag-numerique","tag-reflexion","tag-table-ronde","tag-usages","entry","has-media"],"_links":{"self":[{"href":"https:\/\/www.chezlestices.fr\/CapTice\/wp-json\/wp\/v2\/posts\/7988","targetHints":{"allow":["GET"]}}],"collection":[{"href":"https:\/\/www.chezlestices.fr\/CapTice\/wp-json\/wp\/v2\/posts"}],"about":[{"href":"https:\/\/www.chezlestices.fr\/CapTice\/wp-json\/wp\/v2\/types\/post"}],"author":[{"embeddable":true,"href":"https:\/\/www.chezlestices.fr\/CapTice\/wp-json\/wp\/v2\/users\/4"}],"replies":[{"embeddable":true,"href":"https:\/\/www.chezlestices.fr\/CapTice\/wp-json\/wp\/v2\/comments?post=7988"}],"version-history":[{"count":13,"href":"https:\/\/www.chezlestices.fr\/CapTice\/wp-json\/wp\/v2\/posts\/7988\/revisions"}],"predecessor-version":[{"id":8006,"href":"https:\/\/www.chezlestices.fr\/CapTice\/wp-json\/wp\/v2\/posts\/7988\/revisions\/8006"}],"wp:featuredmedia":[{"embeddable":true,"href":"https:\/\/www.chezlestices.fr\/CapTice\/wp-json\/wp\/v2\/media\/7993"}],"wp:attachment":[{"href":"https:\/\/www.chezlestices.fr\/CapTice\/wp-json\/wp\/v2\/media?parent=7988"}],"wp:term":[{"taxonomy":"category","embeddable":true,"href":"https:\/\/www.chezlestices.fr\/CapTice\/wp-json\/wp\/v2\/categories?post=7988"},{"taxonomy":"post_tag","embeddable":true,"href":"https:\/\/www.chezlestices.fr\/CapTice\/wp-json\/wp\/v2\/tags?post=7988"}],"curies":[{"name":"wp","href":"https:\/\/api.w.org\/{rel}","templated":true}]}}