{"id":1885,"date":"2021-06-30T13:46:17","date_gmt":"2021-06-30T13:46:17","guid":{"rendered":"https:\/\/www.chezlestices.fr\/CapTice\/?p=1885"},"modified":"2023-02-09T09:50:25","modified_gmt":"2023-02-09T09:50:25","slug":"assises-de-la-formation-2021","status":"publish","type":"post","link":"https:\/\/www.chezlestices.fr\/CapTice\/assises-de-la-formation-2021\/","title":{"rendered":"Assises de la formation 2021"},"content":{"rendered":"\t\t<div data-elementor-type=\"wp-post\" data-elementor-id=\"1885\" class=\"elementor elementor-1885\">\n\t\t\t\t\t\t<section class=\"elementor-section elementor-top-section elementor-element elementor-element-73699e1 elementor-section-boxed elementor-section-height-default elementor-section-height-default wpr-particle-no wpr-jarallax-no wpr-parallax-no wpr-sticky-section-no wpr-equal-height-no\" data-id=\"73699e1\" data-element_type=\"section\" data-e-type=\"section\">\n\t\t\t\t\t\t<div class=\"elementor-container elementor-column-gap-default\">\n\t\t\t\t\t<div class=\"elementor-column elementor-col-100 elementor-top-column elementor-element elementor-element-1c1f645\" data-id=\"1c1f645\" data-element_type=\"column\" data-e-type=\"column\">\n\t\t\t<div class=\"elementor-widget-wrap elementor-element-populated\">\n\t\t\t\t\t\t<div class=\"elementor-element elementor-element-a87dff8 elementor-widget elementor-widget-text-editor\" data-id=\"a87dff8\" data-element_type=\"widget\" data-e-type=\"widget\" data-widget_type=\"text-editor.default\">\n\t\t\t\t<div class=\"elementor-widget-container\">\n\t\t\t\t\t\t\t\t\t<p>Les traditionnelles\u00a0<b>\u00ab\u00a0Assises de la formation\u00a0\u00bb<\/b>, journ\u00e9e d\u00e9di\u00e9e \u00e0 la formation et la p\u00e9dagogie dans l&rsquo;\u00e9tablissement, ont eu lieu le 10 juin 2021 en distanciel.<\/p><p>Le groupe p\u00e9dagogie, organisateur des assises, a choisi <b>\u00a0\u00bbL&rsquo;enseignement des transitions\u00a0\u00bb<\/b>. Dans ce monde en mouvement, enseigner la transition, au sens large, c&rsquo;est enseigner \u00e0 penser, vivre et travailler diff\u00e9remment. Les transitions sont multiples, amenant des changements larges et syst\u00e9miques.<\/p><p>Lors de cette journ\u00e9e, nous avons re\u00e7u des intervenants ext\u00e9rieurs qui sont venus partager leurs exp\u00e9riences, des \u00e9tudiants investis pour le changement, des enseignants et collectifs, animateurs de dynamique des transitions.<\/p><div class=\"moz-signature\">Un wiki compte rendu des Assises est disponible <a href=\"https:\/\/fermewikisagro.fr\/assises\/?Assises2021\" target=\"_blank\" rel=\"noopener\">ici<\/a>.<\/div><div>\u00a0<\/div><div class=\"moz-signature\">Vous y trouverez\u00a0 les vid\u00e9os des diff\u00e9rentes interventions et divers documents annexes. Pour y acc\u00e9der,\u00a0 il vous faudra rentrer le login et le mot de passe suivant :<strong> login : Assises\u00a0 Mdp : Transitions2021.<\/strong><\/div><div>\u00a0<\/div><div class=\"moz-signature\">Bonne lecture et visionnage <img decoding=\"async\" class=\"emoji\" role=\"img\" draggable=\"false\" src=\"https:\/\/s.w.org\/images\/core\/emoji\/13.0.1\/svg\/1f9d0.svg\" alt=\"\ud83e\uddd0\" \/><\/div>\t\t\t\t\t\t\t\t<\/div>\n\t\t\t\t<\/div>\n\t\t\t\t\t<\/div>\n\t\t<\/div>\n\t\t\t\t\t<\/div>\n\t\t<\/section>\n\t\t\t\t<\/div>\n\t\t","protected":false},"excerpt":{"rendered":"<p>Les traditionnelles\u00a0\u00ab\u00a0Assises de la formation\u00a0\u00bb, ont eu lieu le 10 juin 2021 en distanciel. Voici un r\u00e9sum\u00e9 de cette journ\u00e9e.<\/p>\n","protected":false},"author":1,"featured_media":2890,"comment_status":"open","ping_status":"open","sticky":false,"template":"","format":"standard","meta":{"_monsterinsights_skip_tracking":false,"_monsterinsights_sitenote_active":false,"_monsterinsights_sitenote_note":"","_monsterinsights_sitenote_category":0,"ocean_post_layout":"","ocean_both_sidebars_style":"","ocean_both_sidebars_content_width":0,"ocean_both_sidebars_sidebars_width":0,"ocean_sidebar":"","ocean_second_sidebar":"","ocean_disable_margins":"enable","ocean_add_body_class":"","ocean_shortcode_before_top_bar":"","ocean_shortcode_after_top_bar":"","ocean_shortcode_before_header":"","ocean_shortcode_after_header":"","ocean_has_shortcode":"","ocean_shortcode_after_title":"","ocean_shortcode_before_footer_widgets":"","ocean_shortcode_after_footer_widgets":"","ocean_shortcode_before_footer_bottom":"","ocean_shortcode_after_footer_bottom":"","ocean_display_top_bar":"default","ocean_display_header":"default","ocean_header_style":"","ocean_center_header_left_menu":"","ocean_custom_header_template":"","ocean_custom_logo":0,"ocean_custom_retina_logo":0,"ocean_custom_logo_max_width":0,"ocean_custom_logo_tablet_max_width":0,"ocean_custom_logo_mobile_max_width":0,"ocean_custom_logo_max_height":0,"ocean_custom_logo_tablet_max_height":0,"ocean_custom_logo_mobile_max_height":0,"ocean_header_custom_menu":"","ocean_menu_typo_font_family":"","ocean_menu_typo_font_subset":"","ocean_menu_typo_font_size":0,"ocean_menu_typo_font_size_tablet":0,"ocean_menu_typo_font_size_mobile":0,"ocean_menu_typo_font_size_unit":"px","ocean_menu_typo_font_weight":"","ocean_menu_typo_font_weight_tablet":"","ocean_menu_typo_font_weight_mobile":"","ocean_menu_typo_transform":"","ocean_menu_typo_transform_tablet":"","ocean_menu_typo_transform_mobile":"","ocean_menu_typo_line_height":0,"ocean_menu_typo_line_height_tablet":0,"ocean_menu_typo_line_height_mobile":0,"ocean_menu_typo_line_height_unit":"","ocean_menu_typo_spacing":0,"ocean_menu_typo_spacing_tablet":0,"ocean_menu_typo_spacing_mobile":0,"ocean_menu_typo_spacing_unit":"","ocean_menu_link_color":"","ocean_menu_link_color_hover":"","ocean_menu_link_color_active":"","ocean_menu_link_background":"","ocean_menu_link_hover_background":"","ocean_menu_link_active_background":"","ocean_menu_social_links_bg":"","ocean_menu_social_hover_links_bg":"","ocean_menu_social_links_color":"","ocean_menu_social_hover_links_color":"","ocean_disable_title":"default","ocean_disable_heading":"default","ocean_post_title":"","ocean_post_subheading":"","ocean_post_title_style":"","ocean_post_title_background_color":"","ocean_post_title_background":0,"ocean_post_title_bg_image_position":"","ocean_post_title_bg_image_attachment":"","ocean_post_title_bg_image_repeat":"","ocean_post_title_bg_image_size":"","ocean_post_title_height":0,"ocean_post_title_bg_overlay":0.5,"ocean_post_title_bg_overlay_color":"","ocean_disable_breadcrumbs":"default","ocean_breadcrumbs_color":"","ocean_breadcrumbs_separator_color":"","ocean_breadcrumbs_links_color":"","ocean_breadcrumbs_links_hover_color":"","ocean_display_footer_widgets":"default","ocean_display_footer_bottom":"default","ocean_custom_footer_template":"","_themeisle_gutenberg_block_has_review":false,"ocean_post_oembed":"","ocean_post_self_hosted_media":"","ocean_post_video_embed":"","ocean_link_format":"","ocean_link_format_target":"self","ocean_quote_format":"","ocean_quote_format_link":"post","ocean_gallery_link_images":"on","ocean_gallery_id":[],"footnotes":""},"categories":[11],"tags":[31,25,26,30,29],"class_list":["post-1885","post","type-post","status-publish","format-standard","has-post-thumbnail","hentry","category-blog","tag-ecole","tag-evenement","tag-formation","tag-pedagogie","tag-transition","entry","has-media"],"_links":{"self":[{"href":"https:\/\/www.chezlestices.fr\/CapTice\/wp-json\/wp\/v2\/posts\/1885","targetHints":{"allow":["GET"]}}],"collection":[{"href":"https:\/\/www.chezlestices.fr\/CapTice\/wp-json\/wp\/v2\/posts"}],"about":[{"href":"https:\/\/www.chezlestices.fr\/CapTice\/wp-json\/wp\/v2\/types\/post"}],"author":[{"embeddable":true,"href":"https:\/\/www.chezlestices.fr\/CapTice\/wp-json\/wp\/v2\/users\/1"}],"replies":[{"embeddable":true,"href":"https:\/\/www.chezlestices.fr\/CapTice\/wp-json\/wp\/v2\/comments?post=1885"}],"version-history":[{"count":16,"href":"https:\/\/www.chezlestices.fr\/CapTice\/wp-json\/wp\/v2\/posts\/1885\/revisions"}],"predecessor-version":[{"id":8214,"href":"https:\/\/www.chezlestices.fr\/CapTice\/wp-json\/wp\/v2\/posts\/1885\/revisions\/8214"}],"wp:featuredmedia":[{"embeddable":true,"href":"https:\/\/www.chezlestices.fr\/CapTice\/wp-json\/wp\/v2\/media\/2890"}],"wp:attachment":[{"href":"https:\/\/www.chezlestices.fr\/CapTice\/wp-json\/wp\/v2\/media?parent=1885"}],"wp:term":[{"taxonomy":"category","embeddable":true,"href":"https:\/\/www.chezlestices.fr\/CapTice\/wp-json\/wp\/v2\/categories?post=1885"},{"taxonomy":"post_tag","embeddable":true,"href":"https:\/\/www.chezlestices.fr\/CapTice\/wp-json\/wp\/v2\/tags?post=1885"}],"curies":[{"name":"wp","href":"https:\/\/api.w.org\/{rel}","templated":true}]}}