{"id":14316,"date":"2025-06-30T10:05:22","date_gmt":"2025-06-30T10:05:22","guid":{"rendered":"https:\/\/www.chezlestices.fr\/CapTice\/?p=14316"},"modified":"2025-07-25T07:32:52","modified_gmt":"2025-07-25T07:32:52","slug":"mind-the-globe","status":"publish","type":"post","link":"https:\/\/www.chezlestices.fr\/CapTice\/mind-the-globe\/","title":{"rendered":"MIND THE GLOBE"},"content":{"rendered":"\t\t<div data-elementor-type=\"wp-post\" data-elementor-id=\"14316\" class=\"elementor elementor-14316\">\n\t\t\t\t\t\t<section class=\"elementor-section elementor-top-section elementor-element elementor-element-28d4e22 elementor-section-boxed elementor-section-height-default elementor-section-height-default wpr-particle-no wpr-jarallax-no wpr-parallax-no wpr-sticky-section-no wpr-equal-height-no\" data-id=\"28d4e22\" data-element_type=\"section\" data-e-type=\"section\">\n\t\t\t\t\t\t<div class=\"elementor-container elementor-column-gap-default\">\n\t\t\t\t\t<div class=\"elementor-column elementor-col-100 elementor-top-column elementor-element elementor-element-58a3fa2\" data-id=\"58a3fa2\" data-element_type=\"column\" data-e-type=\"column\">\n\t\t\t<div class=\"elementor-widget-wrap elementor-element-populated\">\n\t\t\t\t\t\t<div class=\"elementor-element elementor-element-c834166 elementor-widget elementor-widget-image\" data-id=\"c834166\" data-element_type=\"widget\" data-e-type=\"widget\" data-widget_type=\"image.default\">\n\t\t\t\t<div class=\"elementor-widget-container\">\n\t\t\t\t\t\t\t\t\t\t\t\t\t\t\t<img fetchpriority=\"high\" decoding=\"async\" width=\"1024\" height=\"341\" src=\"https:\/\/www.chezlestices.fr\/CapTice\/wp-content\/uploads\/2025\/06\/Banner-mind-the-globe-update-verfi-logo-1024x341.jpg\" class=\"attachment-large size-large wp-image-14465\" alt=\"Banni\u00e8re Podcast mind the Globe\" srcset=\"https:\/\/www.chezlestices.fr\/CapTice\/wp-content\/uploads\/2025\/06\/Banner-mind-the-globe-update-verfi-logo-1024x341.jpg 1024w, https:\/\/www.chezlestices.fr\/CapTice\/wp-content\/uploads\/2025\/06\/Banner-mind-the-globe-update-verfi-logo-300x100.jpg 300w, https:\/\/www.chezlestices.fr\/CapTice\/wp-content\/uploads\/2025\/06\/Banner-mind-the-globe-update-verfi-logo-768x256.jpg 768w, https:\/\/www.chezlestices.fr\/CapTice\/wp-content\/uploads\/2025\/06\/Banner-mind-the-globe-update-verfi-logo.jpg 1500w\" sizes=\"(max-width: 1024px) 100vw, 1024px\" \/>\t\t\t\t\t\t\t\t\t\t\t\t\t\t\t<\/div>\n\t\t\t\t<\/div>\n\t\t\t\t<div class=\"elementor-element elementor-element-26ae019 elementor-widget elementor-widget-heading\" data-id=\"26ae019\" data-element_type=\"widget\" data-e-type=\"widget\" data-widget_type=\"heading.default\">\n\t\t\t\t<div class=\"elementor-widget-container\">\n\t\t\t\t\t<h2 class=\"elementor-heading-title elementor-size-default\">Pr\u00e9sentation du podcast<\/h2>\t\t\t\t<\/div>\n\t\t\t\t<\/div>\n\t\t\t\t<div class=\"elementor-element elementor-element-88c36ce elementor-widget elementor-widget-text-editor\" data-id=\"88c36ce\" data-element_type=\"widget\" data-e-type=\"widget\" data-widget_type=\"text-editor.default\">\n\t\t\t\t<div class=\"elementor-widget-container\">\n\t\t\t\t\t\t\t\t\t<p>Bienvenue dans Mind the Globe, le podcast qui explore les grands d\u00e9fis mondiaux d\u2019aujourd\u2019hui. Depuis la rentr\u00e9e 2024-2025, les \u00e9tudiants internationaux du Junior Research Lab (Dominante 4 de l\u2019Institut Agro Montpellier), tentent de d\u00e9crypter les enjeux qui fa\u00e7onnent notre monde et notre avenir. Dans chaque \u00e9pisode, le travail d\u2019un chercheur est mis \u00e0 l\u2019honneur, \u00e0 travers un exercice d\u2019interview enrichie. Les \u00e9tudiants et leurs invit\u00e9s vulgarisent des sujets scientifiques complexes, en pr\u00e9sentant non seulement la recherche qui les sous-tend, mais aussi leur impact sur la soci\u00e9t\u00e9. Embarquez avec eux pour un voyage \u00e0 travers les d\u00e9fis et les opportunit\u00e9s de notre \u00e9poque et d\u00e9couvrez le pouvoir de la recherche pour construire un avenir durable.<\/p><p>Ce podcast est une exp\u00e9rimentation p\u00e9dagogique inscrite dans le projet OnenAgro, financ\u00e9 par des fonds publics via le collegium Agriculture et Alimentation, et soutenu par le programme d\u2019excellence I-SITE de l\u2019Universit\u00e9 de Montpellier dans le cadre des Investissements France 2030. Il b\u00e9n\u00e9ficie \u00e9galement du soutien de la R\u00e9gion Occitanie \u00e0 travers le projet AgroVertir.<\/p><p>Les \u00e9pisodes de ce podcast sont en anglais \ud83c\uddec\ud83c\udde7.<\/p>\t\t\t\t\t\t\t\t<\/div>\n\t\t\t\t<\/div>\n\t\t\t\t\t<\/div>\n\t\t<\/div>\n\t\t\t\t\t<\/div>\n\t\t<\/section>\n\t\t<div class=\"elementor-element elementor-element-b605c66 e-flex e-con-boxed wpr-particle-no wpr-jarallax-no wpr-parallax-no wpr-sticky-section-no wpr-equal-height-no e-con e-parent\" data-id=\"b605c66\" data-element_type=\"container\" data-e-type=\"container\">\n\t\t\t\t\t<div class=\"e-con-inner\">\n\t\t<div class=\"elementor-element elementor-element-c85ecd2 e-con-full e-flex wpr-particle-no wpr-jarallax-no wpr-parallax-no wpr-sticky-section-no wpr-equal-height-no e-con e-child\" data-id=\"c85ecd2\" data-element_type=\"container\" data-e-type=\"container\">\n\t\t\t\t<div class=\"elementor-element elementor-element-61b7f94 elementor-widget elementor-widget-heading\" data-id=\"61b7f94\" data-element_type=\"widget\" data-e-type=\"widget\" data-widget_type=\"heading.default\">\n\t\t\t\t<div class=\"elementor-widget-container\">\n\t\t\t\t\t<h2 class=\"elementor-heading-title elementor-size-default\">Une activit\u00e9 p\u00e9dagogique int\u00e9gr\u00e9e dans la dominante 4<\/h2>\t\t\t\t<\/div>\n\t\t\t\t<\/div>\n\t\t\t\t<div class=\"elementor-element elementor-element-e0e2fa7 elementor-widget elementor-widget-text-editor\" data-id=\"e0e2fa7\" data-element_type=\"widget\" data-e-type=\"widget\" data-widget_type=\"text-editor.default\">\n\t\t\t\t<div class=\"elementor-widget-container\">\n\t\t\t\t\t\t\t\t\t<strong>Responsable p\u00e9dagogique<\/strong>\u00a0: Jean-Fran\u00e7ois Martin\n<br>\n<strong>Cadre<\/strong> : UE5M <a class=\"no-underline\" href=\"https:\/\/www.institut-agro-montpellier.fr\/international\/venir-se-former-montpellier-supagro\/junior-research-lab-at\" target=\"_blank\" rel=\"noopener\">Dominante 4<\/a> (\u00e9tudiant\u00b7es \u00e9trangers uniquement)\t\t\t\t\t\t\t\t<\/div>\n\t\t\t\t<\/div>\n\t\t\t\t<\/div>\n\t\t\t\t\t<\/div>\n\t\t\t\t<\/div>\n\t\t\t\t<section class=\"elementor-section elementor-top-section elementor-element elementor-element-6e9cf43 elementor-section-boxed elementor-section-height-default elementor-section-height-default wpr-particle-no wpr-jarallax-no wpr-parallax-no wpr-sticky-section-no wpr-equal-height-no\" data-id=\"6e9cf43\" data-element_type=\"section\" data-e-type=\"section\">\n\t\t\t\t\t\t<div class=\"elementor-container elementor-column-gap-default\">\n\t\t\t\t\t<div class=\"elementor-column elementor-col-100 elementor-top-column elementor-element elementor-element-c3db143\" data-id=\"c3db143\" data-element_type=\"column\" data-e-type=\"column\">\n\t\t\t<div class=\"elementor-widget-wrap elementor-element-populated\">\n\t\t\t\t\t\t<div class=\"elementor-element elementor-element-cfcfe2c elementor-widget elementor-widget-heading\" data-id=\"cfcfe2c\" data-element_type=\"widget\" data-e-type=\"widget\" data-widget_type=\"heading.default\">\n\t\t\t\t<div class=\"elementor-widget-container\">\n\t\t\t\t\t<h3 class=\"elementor-heading-title elementor-size-default\">Objectifs p\u00e9dagogiques<\/h3>\t\t\t\t<\/div>\n\t\t\t\t<\/div>\n\t\t\t\t<div class=\"elementor-element elementor-element-a690c9b elementor-widget elementor-widget-text-editor\" data-id=\"a690c9b\" data-element_type=\"widget\" data-e-type=\"widget\" data-widget_type=\"text-editor.default\">\n\t\t\t\t<div class=\"elementor-widget-container\">\n\t\t\t\t\t\t\t\t\t<p>Le cours est con\u00e7u pour d\u00e9velopper l\u2019ensemble des comp\u00e9tences n\u00e9cessaires \u00e0 la communication de recherches scientifiques complexes via un podcast autour des th\u00e9matiques des ODD et limites plan\u00e9taires. Les \u00e9tudiant\u00b7es appliqueront des m\u00e9thodes de recherche et d\u2019analyse pour approfondir leur compr\u00e9hension de sujets scientifiques et analyser comment ces sujets se relient \u00e0 des enjeux soci\u00e9taux plus larges (ODD et limites plan\u00e9taires). Ils\u00b7elles identifieront les questions cl\u00e9s et les facteurs influen\u00e7ant l\u2019\u00e9volution de la recherche, et ma\u00eetriseront les comp\u00e9tences n\u00e9cessaires \u00e0 la collecte, au traitement et \u00e0 l\u2019analyse des donn\u00e9es.<\/p><p>De plus, les \u00e9tudiant\u00b7es apprendront \u00e0 contextualiser la recherche par rapport aux besoins des parties prenantes et aux d\u00e9fis mondiaux, \u00e0 mettre en valeur les contributions de la recherche \u00e0 la r\u00e9solution des probl\u00e8mes soci\u00e9taux, et \u00e0 adapter leurs strat\u00e9gies de communication pour toucher un public diversifi\u00e9.<\/p><p>Les comp\u00e9tences de gestion et de mise en \u0153uvre enseign\u00e9es incluent la gestion d\u2019un projet de production de podcast depuis sa conception jusqu\u2019\u00e0 sa finalisation (coordination des t\u00e2ches, respect des d\u00e9lais et du cahier des charges).<\/p>\t\t\t\t\t\t\t\t<\/div>\n\t\t\t\t<\/div>\n\t\t\t\t<div class=\"elementor-element elementor-element-1b8d7bf elementor-widget elementor-widget-text-editor\" data-id=\"1b8d7bf\" data-element_type=\"widget\" data-e-type=\"widget\" data-widget_type=\"text-editor.default\">\n\t\t\t\t<div class=\"elementor-widget-container\">\n\t\t\t\t\t\t\t\t\t<p><strong>Th\u00e9matiques abord\u00e9es <\/strong>: durabilit\u00e9, ODD et limites plan\u00e9taires, recherche.<\/p>\t\t\t\t\t\t\t\t<\/div>\n\t\t\t\t<\/div>\n\t\t\t\t<div class=\"elementor-element elementor-element-c86a85e elementor-widget elementor-widget-heading\" data-id=\"c86a85e\" data-element_type=\"widget\" data-e-type=\"widget\" data-widget_type=\"heading.default\">\n\t\t\t\t<div class=\"elementor-widget-container\">\n\t\t\t\t\t<h2 class=\"elementor-heading-title elementor-size-default\">Les \u00e9pisodes<\/h2>\t\t\t\t<\/div>\n\t\t\t\t<\/div>\n\t\t\t\t\t<\/div>\n\t\t<\/div>\n\t\t\t\t\t<\/div>\n\t\t<\/section>\n\t\t<div class=\"elementor-element elementor-element-3a67266 e-flex e-con-boxed wpr-particle-no wpr-jarallax-no wpr-parallax-no wpr-sticky-section-no wpr-equal-height-no e-con e-parent\" data-id=\"3a67266\" data-element_type=\"container\" data-e-type=\"container\">\n\t\t\t\t\t<div class=\"e-con-inner\">\n\t\t<div class=\"elementor-element elementor-element-96a1e8a e-con-full e-flex wpr-particle-no wpr-jarallax-no wpr-parallax-no wpr-sticky-section-no wpr-equal-height-no e-con e-child\" data-id=\"96a1e8a\" data-element_type=\"container\" data-e-type=\"container\">\n\t\t\t\t<div class=\"elementor-element elementor-element-7897140 elementor-widget elementor-widget-image\" data-id=\"7897140\" data-element_type=\"widget\" data-e-type=\"widget\" data-widget_type=\"image.default\">\n\t\t\t\t<div class=\"elementor-widget-container\">\n\t\t\t\t\t\t\t\t\t\t\t\t\t\t\t\t<a href=\"https:\/\/castopod.institut-agro-montpellier.fr\/@mindtheglobe\/episodes\/future-of-earth-a-foresight-chat-with-denis-lacroix\" target=\"_blank\">\n\t\t\t\t\t\t\t<img decoding=\"async\" width=\"300\" height=\"300\" src=\"https:\/\/www.chezlestices.fr\/CapTice\/wp-content\/uploads\/2025\/07\/Episode-1-Cover-future-of-earth-update-300x300.jpg\" class=\"elementor-animation-grow attachment-medium size-medium wp-image-14458\" alt=\"Podcast : Future of Earth: A foresight chat with Denis Lacroix\" srcset=\"https:\/\/www.chezlestices.fr\/CapTice\/wp-content\/uploads\/2025\/07\/Episode-1-Cover-future-of-earth-update-300x300.jpg 300w, https:\/\/www.chezlestices.fr\/CapTice\/wp-content\/uploads\/2025\/07\/Episode-1-Cover-future-of-earth-update-1024x1024.jpg 1024w, https:\/\/www.chezlestices.fr\/CapTice\/wp-content\/uploads\/2025\/07\/Episode-1-Cover-future-of-earth-update-150x150.jpg 150w, https:\/\/www.chezlestices.fr\/CapTice\/wp-content\/uploads\/2025\/07\/Episode-1-Cover-future-of-earth-update-768x768.jpg 768w, https:\/\/www.chezlestices.fr\/CapTice\/wp-content\/uploads\/2025\/07\/Episode-1-Cover-future-of-earth-update-600x600.jpg 600w, https:\/\/www.chezlestices.fr\/CapTice\/wp-content\/uploads\/2025\/07\/Episode-1-Cover-future-of-earth-update.jpg 1500w\" sizes=\"(max-width: 300px) 100vw, 300px\" \/>\t\t\t\t\t\t\t\t<\/a>\n\t\t\t\t\t\t\t\t\t\t\t\t\t\t\t<\/div>\n\t\t\t\t<\/div>\n\t\t\t\t<\/div>\n\t\t<div class=\"elementor-element elementor-element-886efc1 e-con-full e-flex wpr-particle-no wpr-jarallax-no wpr-parallax-no wpr-sticky-section-no wpr-equal-height-no e-con e-child\" data-id=\"886efc1\" data-element_type=\"container\" data-e-type=\"container\">\n\t\t\t\t<div class=\"elementor-element elementor-element-9e79ad7 elementor-widget elementor-widget-image\" data-id=\"9e79ad7\" data-element_type=\"widget\" data-e-type=\"widget\" data-widget_type=\"image.default\">\n\t\t\t\t<div class=\"elementor-widget-container\">\n\t\t\t\t\t\t\t\t\t\t\t\t\t\t\t\t<a href=\"https:\/\/castopod.institut-agro-montpellier.fr\/@mindtheglobe\/episodes\/when-the-water-gets-wild-a-flood-of-knowledge-with-niko-verhoest\" target=\"_blank\">\n\t\t\t\t\t\t\t<img decoding=\"async\" width=\"300\" height=\"300\" src=\"https:\/\/www.chezlestices.fr\/CapTice\/wp-content\/uploads\/2025\/07\/Episode-2-Cover-Floods-update-300x300.jpg\" class=\"elementor-animation-grow attachment-medium size-medium wp-image-14459\" alt=\"Podcast : When the Water Gets Wild: A Flood of Knowledge with Niko Verhoest\" srcset=\"https:\/\/www.chezlestices.fr\/CapTice\/wp-content\/uploads\/2025\/07\/Episode-2-Cover-Floods-update-300x300.jpg 300w, https:\/\/www.chezlestices.fr\/CapTice\/wp-content\/uploads\/2025\/07\/Episode-2-Cover-Floods-update-1024x1024.jpg 1024w, https:\/\/www.chezlestices.fr\/CapTice\/wp-content\/uploads\/2025\/07\/Episode-2-Cover-Floods-update-150x150.jpg 150w, https:\/\/www.chezlestices.fr\/CapTice\/wp-content\/uploads\/2025\/07\/Episode-2-Cover-Floods-update-768x768.jpg 768w, https:\/\/www.chezlestices.fr\/CapTice\/wp-content\/uploads\/2025\/07\/Episode-2-Cover-Floods-update-600x600.jpg 600w, https:\/\/www.chezlestices.fr\/CapTice\/wp-content\/uploads\/2025\/07\/Episode-2-Cover-Floods-update.jpg 1500w\" sizes=\"(max-width: 300px) 100vw, 300px\" \/>\t\t\t\t\t\t\t\t<\/a>\n\t\t\t\t\t\t\t\t\t\t\t\t\t\t\t<\/div>\n\t\t\t\t<\/div>\n\t\t\t\t<\/div>\n\t\t<div class=\"elementor-element elementor-element-d767ea1 e-con-full e-flex wpr-particle-no wpr-jarallax-no wpr-parallax-no wpr-sticky-section-no wpr-equal-height-no e-con e-child\" data-id=\"d767ea1\" data-element_type=\"container\" data-e-type=\"container\">\n\t\t\t\t<div class=\"elementor-element elementor-element-1b6f7e0 elementor-widget elementor-widget-image\" data-id=\"1b6f7e0\" data-element_type=\"widget\" data-e-type=\"widget\" data-widget_type=\"image.default\">\n\t\t\t\t<div class=\"elementor-widget-container\">\n\t\t\t\t\t\t\t\t\t\t\t\t\t\t\t\t<a href=\"https:\/\/castopod.institut-agro-montpellier.fr\/@mindtheglobe\/episodes\/feeding-billions-without-forking-the-planet-eric-verger-explains-sustainable-eating\" target=\"_blank\">\n\t\t\t\t\t\t\t<img loading=\"lazy\" decoding=\"async\" width=\"300\" height=\"300\" src=\"https:\/\/www.chezlestices.fr\/CapTice\/wp-content\/uploads\/2025\/07\/Episode-3-Cover-sustainable-diets-update-300x300.jpg\" class=\"elementor-animation-grow attachment-medium size-medium wp-image-14460\" alt=\"Podcast Feeding Billions Without Forking the Planet:Eric Verger Explains Sustainable Eating.\" srcset=\"https:\/\/www.chezlestices.fr\/CapTice\/wp-content\/uploads\/2025\/07\/Episode-3-Cover-sustainable-diets-update-300x300.jpg 300w, https:\/\/www.chezlestices.fr\/CapTice\/wp-content\/uploads\/2025\/07\/Episode-3-Cover-sustainable-diets-update-1024x1024.jpg 1024w, https:\/\/www.chezlestices.fr\/CapTice\/wp-content\/uploads\/2025\/07\/Episode-3-Cover-sustainable-diets-update-150x150.jpg 150w, https:\/\/www.chezlestices.fr\/CapTice\/wp-content\/uploads\/2025\/07\/Episode-3-Cover-sustainable-diets-update-768x768.jpg 768w, https:\/\/www.chezlestices.fr\/CapTice\/wp-content\/uploads\/2025\/07\/Episode-3-Cover-sustainable-diets-update-600x600.jpg 600w, https:\/\/www.chezlestices.fr\/CapTice\/wp-content\/uploads\/2025\/07\/Episode-3-Cover-sustainable-diets-update.jpg 1500w\" sizes=\"(max-width: 300px) 100vw, 300px\" \/>\t\t\t\t\t\t\t\t<\/a>\n\t\t\t\t\t\t\t\t\t\t\t\t\t\t\t<\/div>\n\t\t\t\t<\/div>\n\t\t\t\t<\/div>\n\t\t<div class=\"elementor-element elementor-element-2db6d91 e-con-full e-flex wpr-particle-no wpr-jarallax-no wpr-parallax-no wpr-sticky-section-no wpr-equal-height-no e-con e-child\" data-id=\"2db6d91\" data-element_type=\"container\" data-e-type=\"container\">\n\t\t\t\t<div class=\"elementor-element elementor-element-35caa02 elementor-widget elementor-widget-image\" data-id=\"35caa02\" data-element_type=\"widget\" data-e-type=\"widget\" data-widget_type=\"image.default\">\n\t\t\t\t<div class=\"elementor-widget-container\">\n\t\t\t\t\t\t\t\t\t\t\t\t\t\t\t\t<a href=\"https:\/\/castopod.institut-agro-montpellier.fr\/@mindtheglobe\/episodes\/agroforestry-synergy-with-marie-gosme-mixing-it-up-for-more\">\n\t\t\t\t\t\t\t<img loading=\"lazy\" decoding=\"async\" width=\"300\" height=\"300\" src=\"https:\/\/www.chezlestices.fr\/CapTice\/wp-content\/uploads\/2025\/07\/Episode-4-Cover-agroforestry-update-300x300.jpg\" class=\"elementor-animation-grow attachment-medium size-medium wp-image-14461\" alt=\"Podcast : Agroforestry Synergy with Marie Gosme: Mixing it Up for More!\" srcset=\"https:\/\/www.chezlestices.fr\/CapTice\/wp-content\/uploads\/2025\/07\/Episode-4-Cover-agroforestry-update-300x300.jpg 300w, https:\/\/www.chezlestices.fr\/CapTice\/wp-content\/uploads\/2025\/07\/Episode-4-Cover-agroforestry-update-1024x1024.jpg 1024w, https:\/\/www.chezlestices.fr\/CapTice\/wp-content\/uploads\/2025\/07\/Episode-4-Cover-agroforestry-update-150x150.jpg 150w, https:\/\/www.chezlestices.fr\/CapTice\/wp-content\/uploads\/2025\/07\/Episode-4-Cover-agroforestry-update-768x768.jpg 768w, https:\/\/www.chezlestices.fr\/CapTice\/wp-content\/uploads\/2025\/07\/Episode-4-Cover-agroforestry-update-600x600.jpg 600w, https:\/\/www.chezlestices.fr\/CapTice\/wp-content\/uploads\/2025\/07\/Episode-4-Cover-agroforestry-update.jpg 1500w\" sizes=\"(max-width: 300px) 100vw, 300px\" \/>\t\t\t\t\t\t\t\t<\/a>\n\t\t\t\t\t\t\t\t\t\t\t\t\t\t\t<\/div>\n\t\t\t\t<\/div>\n\t\t\t\t<\/div>\n\t\t\t\t\t<\/div>\n\t\t\t\t<\/div>\n\t\t<div class=\"elementor-element elementor-element-f76f4a4 e-flex e-con-boxed wpr-particle-no wpr-jarallax-no wpr-parallax-no wpr-sticky-section-no wpr-equal-height-no e-con e-parent\" data-id=\"f76f4a4\" data-element_type=\"container\" data-e-type=\"container\">\n\t\t\t\t\t<div class=\"e-con-inner\">\n\t\t<div class=\"elementor-element elementor-element-b42dae5 e-con-full e-flex wpr-particle-no wpr-jarallax-no wpr-parallax-no wpr-sticky-section-no wpr-equal-height-no e-con e-child\" data-id=\"b42dae5\" data-element_type=\"container\" data-e-type=\"container\">\n\t\t\t\t<div class=\"elementor-element elementor-element-ed79275 elementor-widget elementor-widget-image\" data-id=\"ed79275\" data-element_type=\"widget\" data-e-type=\"widget\" data-widget_type=\"image.default\">\n\t\t\t\t<div class=\"elementor-widget-container\">\n\t\t\t\t\t\t\t\t\t\t\t\t\t\t\t\t<a href=\"https:\/\/castopod.institut-agro-montpellier.fr\/@mindtheglobe\/episodes\/sow-much-more-than-seeds-the-microbial-future-with-andre-sampaio-ferreira\" target=\"_blank\">\n\t\t\t\t\t\t\t<img loading=\"lazy\" decoding=\"async\" width=\"300\" height=\"300\" src=\"https:\/\/www.chezlestices.fr\/CapTice\/wp-content\/uploads\/2025\/07\/Episode-5-Cover-seeds-innoculation-update-300x300.jpg\" class=\"elementor-animation-grow attachment-medium size-medium wp-image-14462\" alt=\"Podcast Sow Much More Than Seeds: The Microbial Future with Andr\u00e9 Sampaio Ferreira\" srcset=\"https:\/\/www.chezlestices.fr\/CapTice\/wp-content\/uploads\/2025\/07\/Episode-5-Cover-seeds-innoculation-update-300x300.jpg 300w, https:\/\/www.chezlestices.fr\/CapTice\/wp-content\/uploads\/2025\/07\/Episode-5-Cover-seeds-innoculation-update-1024x1024.jpg 1024w, https:\/\/www.chezlestices.fr\/CapTice\/wp-content\/uploads\/2025\/07\/Episode-5-Cover-seeds-innoculation-update-150x150.jpg 150w, https:\/\/www.chezlestices.fr\/CapTice\/wp-content\/uploads\/2025\/07\/Episode-5-Cover-seeds-innoculation-update-768x768.jpg 768w, https:\/\/www.chezlestices.fr\/CapTice\/wp-content\/uploads\/2025\/07\/Episode-5-Cover-seeds-innoculation-update-600x600.jpg 600w, https:\/\/www.chezlestices.fr\/CapTice\/wp-content\/uploads\/2025\/07\/Episode-5-Cover-seeds-innoculation-update.jpg 1500w\" sizes=\"(max-width: 300px) 100vw, 300px\" \/>\t\t\t\t\t\t\t\t<\/a>\n\t\t\t\t\t\t\t\t\t\t\t\t\t\t\t<\/div>\n\t\t\t\t<\/div>\n\t\t\t\t<\/div>\n\t\t<div class=\"elementor-element elementor-element-ca6c8f2 e-con-full e-flex wpr-particle-no wpr-jarallax-no wpr-parallax-no wpr-sticky-section-no wpr-equal-height-no e-con e-child\" data-id=\"ca6c8f2\" data-element_type=\"container\" data-e-type=\"container\">\n\t\t\t\t<div class=\"elementor-element elementor-element-427312c elementor-widget elementor-widget-image\" data-id=\"427312c\" data-element_type=\"widget\" data-e-type=\"widget\" data-widget_type=\"image.default\">\n\t\t\t\t<div class=\"elementor-widget-container\">\n\t\t\t\t\t\t\t\t\t\t\t\t\t\t\t\t<a href=\"https:\/\/castopod.institut-agro-montpellier.fr\/@mindtheglobe\/episodes\/agri-puzzle-solved-sonoko-bellingrath-kimura-on-land-system-complexity\" target=\"_blank\">\n\t\t\t\t\t\t\t<img loading=\"lazy\" decoding=\"async\" width=\"300\" height=\"300\" src=\"https:\/\/www.chezlestices.fr\/CapTice\/wp-content\/uploads\/2025\/07\/Episode-6-Cover-land-use-change-update-300x300.jpg\" class=\"elementor-animation-grow attachment-medium size-medium wp-image-14463\" alt=\"Podcast Agri-Puzzle Solved? Sonoko Bellingrath-Kimura on Land System Complexity\" srcset=\"https:\/\/www.chezlestices.fr\/CapTice\/wp-content\/uploads\/2025\/07\/Episode-6-Cover-land-use-change-update-300x300.jpg 300w, https:\/\/www.chezlestices.fr\/CapTice\/wp-content\/uploads\/2025\/07\/Episode-6-Cover-land-use-change-update-1024x1024.jpg 1024w, https:\/\/www.chezlestices.fr\/CapTice\/wp-content\/uploads\/2025\/07\/Episode-6-Cover-land-use-change-update-150x150.jpg 150w, https:\/\/www.chezlestices.fr\/CapTice\/wp-content\/uploads\/2025\/07\/Episode-6-Cover-land-use-change-update-768x768.jpg 768w, https:\/\/www.chezlestices.fr\/CapTice\/wp-content\/uploads\/2025\/07\/Episode-6-Cover-land-use-change-update-600x600.jpg 600w, https:\/\/www.chezlestices.fr\/CapTice\/wp-content\/uploads\/2025\/07\/Episode-6-Cover-land-use-change-update.jpg 1500w\" sizes=\"(max-width: 300px) 100vw, 300px\" \/>\t\t\t\t\t\t\t\t<\/a>\n\t\t\t\t\t\t\t\t\t\t\t\t\t\t\t<\/div>\n\t\t\t\t<\/div>\n\t\t\t\t<\/div>\n\t\t<div class=\"elementor-element elementor-element-fe6ec4e e-con-full e-flex wpr-particle-no wpr-jarallax-no wpr-parallax-no wpr-sticky-section-no wpr-equal-height-no e-con e-child\" data-id=\"fe6ec4e\" data-element_type=\"container\" data-e-type=\"container\">\n\t\t\t\t<div class=\"elementor-element elementor-element-1ca0214 elementor-widget elementor-widget-image\" data-id=\"1ca0214\" data-element_type=\"widget\" data-e-type=\"widget\" data-widget_type=\"image.default\">\n\t\t\t\t<div class=\"elementor-widget-container\">\n\t\t\t\t\t\t\t\t\t\t\t\t\t\t\t\t<a href=\"https:\/\/castopod.institut-agro-montpellier.fr\/@mindtheglobe\/episodes\/are-we-all-on-the-edge-james-rosindell-explains-biodiversity-risk\" target=\"_blank\">\n\t\t\t\t\t\t\t<img loading=\"lazy\" decoding=\"async\" width=\"300\" height=\"300\" src=\"https:\/\/www.chezlestices.fr\/CapTice\/wp-content\/uploads\/2025\/07\/Episode-7-Cover-biodiversity-update-300x300.jpg\" class=\"elementor-animation-grow attachment-medium size-medium wp-image-14464\" alt=\"Podcast Are We All on the EDGE? James Rosindell Explains Biodiversity Risk\" srcset=\"https:\/\/www.chezlestices.fr\/CapTice\/wp-content\/uploads\/2025\/07\/Episode-7-Cover-biodiversity-update-300x300.jpg 300w, https:\/\/www.chezlestices.fr\/CapTice\/wp-content\/uploads\/2025\/07\/Episode-7-Cover-biodiversity-update-1024x1024.jpg 1024w, https:\/\/www.chezlestices.fr\/CapTice\/wp-content\/uploads\/2025\/07\/Episode-7-Cover-biodiversity-update-150x150.jpg 150w, https:\/\/www.chezlestices.fr\/CapTice\/wp-content\/uploads\/2025\/07\/Episode-7-Cover-biodiversity-update-768x768.jpg 768w, https:\/\/www.chezlestices.fr\/CapTice\/wp-content\/uploads\/2025\/07\/Episode-7-Cover-biodiversity-update-600x600.jpg 600w, https:\/\/www.chezlestices.fr\/CapTice\/wp-content\/uploads\/2025\/07\/Episode-7-Cover-biodiversity-update.jpg 1500w\" sizes=\"(max-width: 300px) 100vw, 300px\" \/>\t\t\t\t\t\t\t\t<\/a>\n\t\t\t\t\t\t\t\t\t\t\t\t\t\t\t<\/div>\n\t\t\t\t<\/div>\n\t\t\t\t<\/div>\n\t\t<div class=\"elementor-element elementor-element-0bd617d e-con-full e-flex wpr-particle-no wpr-jarallax-no wpr-parallax-no wpr-sticky-section-no wpr-equal-height-no e-con e-child\" data-id=\"0bd617d\" data-element_type=\"container\" data-e-type=\"container\">\n\t\t\t\t<\/div>\n\t\t\t\t\t<\/div>\n\t\t\t\t<\/div>\n\t\t\t\t<\/div>\n\t\t","protected":false},"excerpt":{"rendered":"<p>Bienvenue dans Mind the Globe, le podcast qui explore les grands d\u00e9fis mondiaux d\u2019aujourd\u2019hui. Nous sommes une \u00e9quipe d\u2019\u00e9tudiant\u00b7es internationaux du Junior Research Lab de l\u2019Institut Agro Montpellier, r\u00e9unis pour d\u00e9crypter les enjeux qui fa\u00e7onnent notre monde et notre avenir.<\/p>\n","protected":false},"author":1,"featured_media":14335,"comment_status":"closed","ping_status":"closed","sticky":false,"template":"","format":"standard","meta":{"_monsterinsights_skip_tracking":false,"_monsterinsights_sitenote_active":false,"_monsterinsights_sitenote_note":"","_monsterinsights_sitenote_category":0,"ocean_post_layout":"","ocean_both_sidebars_style":"","ocean_both_sidebars_content_width":0,"ocean_both_sidebars_sidebars_width":0,"ocean_sidebar":"","ocean_second_sidebar":"","ocean_disable_margins":"enable","ocean_add_body_class":"","ocean_shortcode_before_top_bar":"","ocean_shortcode_after_top_bar":"","ocean_shortcode_before_header":"","ocean_shortcode_after_header":"","ocean_has_shortcode":"","ocean_shortcode_after_title":"","ocean_shortcode_before_footer_widgets":"","ocean_shortcode_after_footer_widgets":"","ocean_shortcode_before_footer_bottom":"","ocean_shortcode_after_footer_bottom":"","ocean_display_top_bar":"default","ocean_display_header":"default","ocean_header_style":"","ocean_center_header_left_menu":"","ocean_custom_header_template":"","ocean_custom_logo":0,"ocean_custom_retina_logo":0,"ocean_custom_logo_max_width":0,"ocean_custom_logo_tablet_max_width":0,"ocean_custom_logo_mobile_max_width":0,"ocean_custom_logo_max_height":0,"ocean_custom_logo_tablet_max_height":0,"ocean_custom_logo_mobile_max_height":0,"ocean_header_custom_menu":"","ocean_menu_typo_font_family":"","ocean_menu_typo_font_subset":"","ocean_menu_typo_font_size":0,"ocean_menu_typo_font_size_tablet":0,"ocean_menu_typo_font_size_mobile":0,"ocean_menu_typo_font_size_unit":"px","ocean_menu_typo_font_weight":"","ocean_menu_typo_font_weight_tablet":"","ocean_menu_typo_font_weight_mobile":"","ocean_menu_typo_transform":"","ocean_menu_typo_transform_tablet":"","ocean_menu_typo_transform_mobile":"","ocean_menu_typo_line_height":0,"ocean_menu_typo_line_height_tablet":0,"ocean_menu_typo_line_height_mobile":0,"ocean_menu_typo_line_height_unit":"","ocean_menu_typo_spacing":0,"ocean_menu_typo_spacing_tablet":0,"ocean_menu_typo_spacing_mobile":0,"ocean_menu_typo_spacing_unit":"","ocean_menu_link_color":"","ocean_menu_link_color_hover":"","ocean_menu_link_color_active":"","ocean_menu_link_background":"","ocean_menu_link_hover_background":"","ocean_menu_link_active_background":"","ocean_menu_social_links_bg":"","ocean_menu_social_hover_links_bg":"","ocean_menu_social_links_color":"","ocean_menu_social_hover_links_color":"","ocean_disable_title":"default","ocean_disable_heading":"default","ocean_post_title":"","ocean_post_subheading":"","ocean_post_title_style":"","ocean_post_title_background_color":"","ocean_post_title_background":0,"ocean_post_title_bg_image_position":"","ocean_post_title_bg_image_attachment":"","ocean_post_title_bg_image_repeat":"","ocean_post_title_bg_image_size":"","ocean_post_title_height":0,"ocean_post_title_bg_overlay":0.5,"ocean_post_title_bg_overlay_color":"","ocean_disable_breadcrumbs":"default","ocean_breadcrumbs_color":"","ocean_breadcrumbs_separator_color":"","ocean_breadcrumbs_links_color":"","ocean_breadcrumbs_links_hover_color":"","ocean_display_footer_widgets":"default","ocean_display_footer_bottom":"default","ocean_custom_footer_template":"","_themeisle_gutenberg_block_has_review":false,"ocean_post_oembed":"","ocean_post_self_hosted_media":"","ocean_post_video_embed":"","ocean_link_format":"","ocean_link_format_target":"self","ocean_quote_format":"","ocean_quote_format_link":"post","ocean_gallery_link_images":"on","ocean_gallery_id":[],"footnotes":""},"categories":[486],"tags":[214,76,381,268,54,355,177,283,213,485,403,484,77,120],"class_list":["post-14316","post","type-post","status-publish","format-standard","has-post-thumbnail","hentry","category-podcasts","tag-apprentissage","tag-articles-scientifiques","tag-defis","tag-developpement-durable","tag-donnees","tag-enjeux","tag-enseignement","tag-etudiant","tag-experimentation","tag-expert","tag-jrl","tag-podcast","tag-recherche","tag-ressources-numeriques","entry","has-media"],"_links":{"self":[{"href":"https:\/\/www.chezlestices.fr\/CapTice\/wp-json\/wp\/v2\/posts\/14316","targetHints":{"allow":["GET"]}}],"collection":[{"href":"https:\/\/www.chezlestices.fr\/CapTice\/wp-json\/wp\/v2\/posts"}],"about":[{"href":"https:\/\/www.chezlestices.fr\/CapTice\/wp-json\/wp\/v2\/types\/post"}],"author":[{"embeddable":true,"href":"https:\/\/www.chezlestices.fr\/CapTice\/wp-json\/wp\/v2\/users\/1"}],"replies":[{"embeddable":true,"href":"https:\/\/www.chezlestices.fr\/CapTice\/wp-json\/wp\/v2\/comments?post=14316"}],"version-history":[{"count":14,"href":"https:\/\/www.chezlestices.fr\/CapTice\/wp-json\/wp\/v2\/posts\/14316\/revisions"}],"predecessor-version":[{"id":14473,"href":"https:\/\/www.chezlestices.fr\/CapTice\/wp-json\/wp\/v2\/posts\/14316\/revisions\/14473"}],"wp:featuredmedia":[{"embeddable":true,"href":"https:\/\/www.chezlestices.fr\/CapTice\/wp-json\/wp\/v2\/media\/14335"}],"wp:attachment":[{"href":"https:\/\/www.chezlestices.fr\/CapTice\/wp-json\/wp\/v2\/media?parent=14316"}],"wp:term":[{"taxonomy":"category","embeddable":true,"href":"https:\/\/www.chezlestices.fr\/CapTice\/wp-json\/wp\/v2\/categories?post=14316"},{"taxonomy":"post_tag","embeddable":true,"href":"https:\/\/www.chezlestices.fr\/CapTice\/wp-json\/wp\/v2\/tags?post=14316"}],"curies":[{"name":"wp","href":"https:\/\/api.w.org\/{rel}","templated":true}]}}