{"id":13298,"date":"2025-01-22T08:47:17","date_gmt":"2025-01-22T08:47:17","guid":{"rendered":"https:\/\/www.chezlestices.fr\/CapTice\/?p=13298"},"modified":"2025-01-22T08:47:19","modified_gmt":"2025-01-22T08:47:19","slug":"actualites-ia-generatives-janvier-2025","status":"publish","type":"post","link":"https:\/\/www.chezlestices.fr\/CapTice\/actualites-ia-generatives-janvier-2025\/","title":{"rendered":"Actualit\u00e9s IA g\u00e9n\u00e9ratives &#8211; janvier 2025"},"content":{"rendered":"\t\t<div data-elementor-type=\"wp-post\" data-elementor-id=\"13298\" class=\"elementor elementor-13298\">\n\t\t\t\t<div class=\"elementor-element elementor-element-7157db0 e-flex e-con-boxed wpr-particle-no wpr-jarallax-no wpr-parallax-no wpr-sticky-section-no wpr-equal-height-no e-con e-parent\" data-id=\"7157db0\" data-element_type=\"container\" data-e-type=\"container\">\n\t\t\t\t\t<div class=\"e-con-inner\">\n\t\t<div class=\"elementor-element elementor-element-aa2d3f4 e-con-full e-flex wpr-particle-no wpr-jarallax-no wpr-parallax-no wpr-sticky-section-no wpr-equal-height-no e-con e-child\" data-id=\"aa2d3f4\" data-element_type=\"container\" data-e-type=\"container\">\n\t\t\t\t<div class=\"elementor-element elementor-element-2260980 elementor-widget__width-initial elementor-widget elementor-widget-text-editor\" data-id=\"2260980\" data-element_type=\"widget\" data-e-type=\"widget\" data-widget_type=\"text-editor.default\">\n\t\t\t\t<div class=\"elementor-widget-container\">\n\t\t\t\t\t\t\t\t\t<p>Nous vous proposons une s\u00e9lection d&rsquo;articles et de ressources d&rsquo;actualit\u00e9 du paysage en constante \u00e9volution des IA g\u00e9n\u00e9ratives.\u202f<\/p>\t\t\t\t\t\t\t\t<\/div>\n\t\t\t\t<\/div>\n\t\t\t\t<\/div>\n\t\t\t\t\t<\/div>\n\t\t\t\t<\/div>\n\t\t<div class=\"elementor-element elementor-element-bd2118f e-flex e-con-boxed wpr-particle-no wpr-jarallax-no wpr-parallax-no wpr-sticky-section-no wpr-equal-height-no e-con e-parent\" data-id=\"bd2118f\" data-element_type=\"container\" data-e-type=\"container\" data-settings=\"{&quot;background_background&quot;:&quot;classic&quot;}\">\n\t\t\t\t\t<div class=\"e-con-inner\">\n\t\t<div class=\"elementor-element elementor-element-0c7fab4 e-con-full e-flex wpr-particle-no wpr-jarallax-no wpr-parallax-no wpr-sticky-section-no wpr-equal-height-no e-con e-child\" data-id=\"0c7fab4\" data-element_type=\"container\" data-e-type=\"container\">\n\t\t\t\t<div class=\"elementor-element elementor-element-644e0e8 elementor-widget elementor-widget-heading\" data-id=\"644e0e8\" data-element_type=\"widget\" data-e-type=\"widget\" data-widget_type=\"heading.default\">\n\t\t\t\t<div class=\"elementor-widget-container\">\n\t\t\t\t\t<h2 class=\"elementor-heading-title elementor-size-default\">Articles int\u00e9ressants qui ont attir\u00e9 notre attention<\/h2>\t\t\t\t<\/div>\n\t\t\t\t<\/div>\n\t\t<div class=\"elementor-element elementor-element-58f151e e-grid e-con-boxed wpr-particle-no wpr-jarallax-no wpr-parallax-no wpr-sticky-section-no wpr-equal-height-no e-con e-child\" data-id=\"58f151e\" data-element_type=\"container\" data-e-type=\"container\">\n\t\t\t\t\t<div class=\"e-con-inner\">\n\t\t<a class=\"elementor-element elementor-element-9b9c512 e-con-full e-flex wpr-particle-no wpr-jarallax-no wpr-parallax-no wpr-sticky-section-no wpr-equal-height-no e-con e-child\" data-id=\"9b9c512\" data-element_type=\"container\" data-e-type=\"container\" data-settings=\"{&quot;background_background&quot;:&quot;classic&quot;}\" href=\"https:\/\/www.enseignementsup-recherche.gouv.fr\/fr\/lancement-de-la-mission-sur-l-intelligence-artificielle-dans-les-pratiques-pedagogiques-98140\" target=\"_blank\">\n\t\t\t\t<div class=\"elementor-element elementor-element-ce0a72f elementor-widget elementor-widget-heading\" data-id=\"ce0a72f\" data-element_type=\"widget\" data-e-type=\"widget\" data-widget_type=\"heading.default\">\n\t\t\t\t<div class=\"elementor-widget-container\">\n\t\t\t\t\t<h3 class=\"elementor-heading-title elementor-size-default\">\nLancement de la mission sur l\u2019intelligence artificielle dans les pratiques p\u00e9dagogiques\n<\/h3>\t\t\t\t<\/div>\n\t\t\t\t<\/div>\n\t\t\t\t<div class=\"elementor-element elementor-element-f946720 elementor-widget elementor-widget-text-editor\" data-id=\"f946720\" data-element_type=\"widget\" data-e-type=\"widget\" data-widget_type=\"text-editor.default\">\n\t\t\t\t<div class=\"elementor-widget-container\">\n\t\t\t\t\t\t\t\t\t<p>d\u00e9cembre 2024<\/p>\t\t\t\t\t\t\t\t<\/div>\n\t\t\t\t<\/div>\n\t\t\t\t<div class=\"elementor-element elementor-element-923a858 elementor-widget elementor-widget-text-editor\" data-id=\"923a858\" data-element_type=\"widget\" data-e-type=\"widget\" data-widget_type=\"text-editor.default\">\n\t\t\t\t<div class=\"elementor-widget-container\">\n\t\t\t\t\t\t\t\t\t<p>Communiqu\u00e9 de presse sur le lancement de la mission d\u00e9di\u00e9e \u00e0 l\u2019intelligence artificielle au sein des \u00e9tablissements publics d\u2019enseignement sup\u00e9rieur.\u00a0<\/p>\t\t\t\t\t\t\t\t<\/div>\n\t\t\t\t<\/div>\n\t\t\t\t<\/a>\n\t\t<a class=\"elementor-element elementor-element-4205583 e-con-full e-flex wpr-particle-no wpr-jarallax-no wpr-parallax-no wpr-sticky-section-no wpr-equal-height-no e-con e-child\" data-id=\"4205583\" data-element_type=\"container\" data-e-type=\"container\" data-settings=\"{&quot;background_background&quot;:&quot;classic&quot;}\" href=\"https:\/\/education.newstank.fr\/article\/view\/383496\/france-leader-europeen-preparation-ia-selon-oxford-insights-hie-excelia.html\" target=\"_blank\">\n\t\t\t\t<div class=\"elementor-element elementor-element-7f0911d elementor-widget elementor-widget-heading\" data-id=\"7f0911d\" data-element_type=\"widget\" data-e-type=\"widget\" data-widget_type=\"heading.default\">\n\t\t\t\t<div class=\"elementor-widget-container\">\n\t\t\t\t\t<h3 class=\"elementor-heading-title elementor-size-default\">La France, leader europ\u00e9en dans la pr\u00e9paration \u00e0 l\u2019IA selon Oxford Insights <\/h3>\t\t\t\t<\/div>\n\t\t\t\t<\/div>\n\t\t\t\t<div class=\"elementor-element elementor-element-1f04424 elementor-widget elementor-widget-text-editor\" data-id=\"1f04424\" data-element_type=\"widget\" data-e-type=\"widget\" data-widget_type=\"text-editor.default\">\n\t\t\t\t<div class=\"elementor-widget-container\">\n\t\t\t\t\t\t\t\t\t<p style=\"text-align: center;\">janvier 2025<\/p>\t\t\t\t\t\t\t\t<\/div>\n\t\t\t\t<\/div>\n\t\t\t\t<div class=\"elementor-element elementor-element-538e846 elementor-widget elementor-widget-text-editor\" data-id=\"538e846\" data-element_type=\"widget\" data-e-type=\"widget\" data-widget_type=\"text-editor.default\">\n\t\t\t\t<div class=\"elementor-widget-container\">\n\t\t\t\t\t\t\t\t\t<p>La France est un leader europ\u00e9en de l&rsquo;intelligence artificielle, selon Oxford Insights. Pour devenir un leader mondial, elle doit surmonter des d\u00e9fis comme l&rsquo;innovation acc\u00e9l\u00e9r\u00e9e et l&rsquo;int\u00e9gration de l&rsquo;IA dans les services publics. L&rsquo;\u00e9ducation reste ainsi un pilier fondamental dans la strat\u00e9gie IA en France.<\/p>\t\t\t\t\t\t\t\t<\/div>\n\t\t\t\t<\/div>\n\t\t\t\t<\/a>\n\t\t<a class=\"elementor-element elementor-element-9dd20b8 e-con-full e-flex wpr-particle-no wpr-jarallax-no wpr-parallax-no wpr-sticky-section-no wpr-equal-height-no e-con e-child\" data-id=\"9dd20b8\" data-element_type=\"container\" data-e-type=\"container\" data-settings=\"{&quot;background_background&quot;:&quot;classic&quot;}\" href=\"https:\/\/www.innovation-pedagogique.fr\/article21211.html\" target=\"_blank\">\n\t\t\t\t<div class=\"elementor-element elementor-element-051f0ea elementor-widget elementor-widget-heading\" data-id=\"051f0ea\" data-element_type=\"widget\" data-e-type=\"widget\" data-widget_type=\"heading.default\">\n\t\t\t\t<div class=\"elementor-widget-container\">\n\t\t\t\t\t<h3 class=\"elementor-heading-title elementor-size-default\">L\u2019intelligence artificielle g\u00e9n\u00e9rative : savoir quand l\u2019utiliser plut\u00f4t que comment<\/h3>\t\t\t\t<\/div>\n\t\t\t\t<\/div>\n\t\t\t\t<div class=\"elementor-element elementor-element-6f6d04e elementor-widget elementor-widget-text-editor\" data-id=\"6f6d04e\" data-element_type=\"widget\" data-e-type=\"widget\" data-widget_type=\"text-editor.default\">\n\t\t\t\t<div class=\"elementor-widget-container\">\n\t\t\t\t\t\t\t\t\t<p style=\"text-align: center;\">janvier 2025<\/p>\t\t\t\t\t\t\t\t<\/div>\n\t\t\t\t<\/div>\n\t\t\t\t<div class=\"elementor-element elementor-element-8d1cde0 elementor-widget elementor-widget-text-editor\" data-id=\"8d1cde0\" data-element_type=\"widget\" data-e-type=\"widget\" data-widget_type=\"text-editor.default\">\n\t\t\t\t<div class=\"elementor-widget-container\">\n\t\t\t\t\t\t\t\t\t<p>ChatGPT est largement utilis\u00e9 par plus de 200 millions de personnes chaque semaine selon OpenAI ! L&rsquo;utilisation responsable des outils d&rsquo;IA g\u00e9n\u00e9ratives et la sobri\u00e9t\u00e9 num\u00e9rique pour minimiser les impacts n\u00e9gatifs du num\u00e9rique deviennent des \u00e9l\u00e9ments cruciaux \u00e0 prendre en compte.<\/p>\t\t\t\t\t\t\t\t<\/div>\n\t\t\t\t<\/div>\n\t\t\t\t<\/a>\n\t\t<a class=\"elementor-element elementor-element-1dc1b16 e-con-full e-flex wpr-particle-no wpr-jarallax-no wpr-parallax-no wpr-sticky-section-no wpr-equal-height-no e-con e-child\" data-id=\"1dc1b16\" data-element_type=\"container\" data-e-type=\"container\" data-settings=\"{&quot;background_background&quot;:&quot;classic&quot;}\" href=\"https:\/\/la-lettre.anrt.asso.fr\/lettre\/Y2Q#YmZk\" target=\"_blank\">\n\t\t\t\t<div class=\"elementor-element elementor-element-62031bf elementor-widget elementor-widget-heading\" data-id=\"62031bf\" data-element_type=\"widget\" data-e-type=\"widget\" data-widget_type=\"heading.default\">\n\t\t\t\t<div class=\"elementor-widget-container\">\n\t\t\t\t\t<h3 class=\"elementor-heading-title elementor-size-default\">Les limites de ChatGPT en Sciences et l'utilisation r\u00e9fl\u00e9chie de l'IA g\u00e9n\u00e9rative<\/h3>\t\t\t\t<\/div>\n\t\t\t\t<\/div>\n\t\t\t\t<div class=\"elementor-element elementor-element-ef95ff2 elementor-widget elementor-widget-text-editor\" data-id=\"ef95ff2\" data-element_type=\"widget\" data-e-type=\"widget\" data-widget_type=\"text-editor.default\">\n\t\t\t\t<div class=\"elementor-widget-container\">\n\t\t\t\t\t\t\t\t\t<p>d\u00e9cembre 2024<\/p>\t\t\t\t\t\t\t\t<\/div>\n\t\t\t\t<\/div>\n\t\t\t\t<div class=\"elementor-element elementor-element-1c95532 elementor-widget elementor-widget-text-editor\" data-id=\"1c95532\" data-element_type=\"widget\" data-e-type=\"widget\" data-widget_type=\"text-editor.default\">\n\t\t\t\t<div class=\"elementor-widget-container\">\n\t\t\t\t\t\t\t\t\t<p>Sylvain Massip, CEO &amp; co-fondateur d&rsquo;Opscidia, illustre comment l&rsquo;int\u00e9gration r\u00e9fl\u00e9chie de l&rsquo;IA g\u00e9n\u00e9rative peut transformer les pratiques scientifiques \u00e0 travers deux exemples :\u00a0 la facilitation de la synth\u00e8se d&rsquo;articles et la recherche cibl\u00e9e d&rsquo;informations.<\/p>\t\t\t\t\t\t\t\t<\/div>\n\t\t\t\t<\/div>\n\t\t\t\t<\/a>\n\t\t<a class=\"elementor-element elementor-element-51382cb e-con-full e-flex wpr-particle-no wpr-jarallax-no wpr-parallax-no wpr-sticky-section-no wpr-equal-height-no e-con e-child\" data-id=\"51382cb\" data-element_type=\"container\" data-e-type=\"container\" data-settings=\"{&quot;background_background&quot;:&quot;classic&quot;}\" href=\"https:\/\/hai.stanford.edu\/news\/global-ai-power-rankings-stanford-hai-tool-ranks-36-countries-ai\" target=\"_blank\">\n\t\t\t\t<div class=\"elementor-element elementor-element-7f8ff1e elementor-widget elementor-widget-heading\" data-id=\"7f8ff1e\" data-element_type=\"widget\" data-e-type=\"widget\" data-widget_type=\"heading.default\">\n\t\t\t\t<div class=\"elementor-widget-container\">\n\t\t\t\t\t<h3 class=\"elementor-heading-title elementor-size-default\">Global AI Power Rankings: Stanford HAI Tool Ranks 36 Countries in AI<\/h3>\t\t\t\t<\/div>\n\t\t\t\t<\/div>\n\t\t\t\t<div class=\"elementor-element elementor-element-0418112 elementor-widget elementor-widget-text-editor\" data-id=\"0418112\" data-element_type=\"widget\" data-e-type=\"widget\" data-widget_type=\"text-editor.default\">\n\t\t\t\t<div class=\"elementor-widget-container\">\n\t\t\t\t\t\t\t\t\t<p>novembre 2024<\/p>\t\t\t\t\t\t\t\t<\/div>\n\t\t\t\t<\/div>\n\t\t\t\t<div class=\"elementor-element elementor-element-9d3908e elementor-widget elementor-widget-text-editor\" data-id=\"9d3908e\" data-element_type=\"widget\" data-e-type=\"widget\" data-widget_type=\"text-editor.default\">\n\t\t\t\t<div class=\"elementor-widget-container\">\n\t\t\t\t\t\t\t\t\t<p>Le Global Vibrancy Tool mesure l&rsquo;\u00e9cosyst\u00e8me IA des pays \u00e0 travers 42 indicateurs, incluant les publications, les investissements, les brevets et d&rsquo;autres. Selon cet \u00e9tude, les \u00c9tats-Unis dominent le classement mondial de l&rsquo;IA, suivis par la Chine et le Royaume-Uni. Ces pays m\u00e8nent en recherche, investissement priv\u00e9 et publications en IA responsable.<\/p>\t\t\t\t\t\t\t\t<\/div>\n\t\t\t\t<\/div>\n\t\t\t\t<\/a>\n\t\t<a class=\"elementor-element elementor-element-4391c62 e-con-full e-flex wpr-particle-no wpr-jarallax-no wpr-parallax-no wpr-sticky-section-no wpr-equal-height-no e-con e-child\" data-id=\"4391c62\" data-element_type=\"container\" data-e-type=\"container\" data-settings=\"{&quot;background_background&quot;:&quot;classic&quot;}\" href=\"https:\/\/numerique.umontpellier.fr\/creer-son-avatar-video-grace-a-lia-retour-sur-le-cafe-pedagonum-6\/\" target=\"_blank\">\n\t\t\t\t<div class=\"elementor-element elementor-element-ba31dbf elementor-widget elementor-widget-heading\" data-id=\"ba31dbf\" data-element_type=\"widget\" data-e-type=\"widget\" data-widget_type=\"heading.default\">\n\t\t\t\t<div class=\"elementor-widget-container\">\n\t\t\t\t\t<h3 class=\"elementor-heading-title elementor-size-default\">Cr\u00e9er son avatar vid\u00e9o gr\u00e2ce \u00e0 l'IA : Retour sur le caf\u00e9 P\u00e9dagoN\u2019UM #6<\/h3>\t\t\t\t<\/div>\n\t\t\t\t<\/div>\n\t\t\t\t<div class=\"elementor-element elementor-element-3350e42 elementor-widget elementor-widget-text-editor\" data-id=\"3350e42\" data-element_type=\"widget\" data-e-type=\"widget\" data-widget_type=\"text-editor.default\">\n\t\t\t\t<div class=\"elementor-widget-container\">\n\t\t\t\t\t\t\t\t\t<p>Ne pouvant \u00eatre pr\u00e9sent, K\u00e9vin YAUY, un des fondateurs du projet DocSimulateur, a confi\u00e9 sa pr\u00e9sentation \u00e0 son avatar g\u00e9n\u00e9r\u00e9 par IA ! Cr\u00e9\u00e9 via <strong>HeyGen<\/strong>, un outil d&rsquo;IA g\u00e9n\u00e9rative qui reproduit \u00e0 l&rsquo;apparence, la voix et m\u00eame les mimiques. Nous avons trouv\u00e9 la copie num\u00e9rique assez r\u00e9aliste !<\/p>\t\t\t\t\t\t\t\t<\/div>\n\t\t\t\t<\/div>\n\t\t\t\t<\/a>\n\t\t\t\t\t<\/div>\n\t\t\t\t<\/div>\n\t\t\t\t<\/div>\n\t\t\t\t\t<\/div>\n\t\t\t\t<\/div>\n\t\t\t\t<section class=\"elementor-section elementor-top-section elementor-element elementor-element-9120b5d elementor-section-boxed elementor-section-height-default elementor-section-height-default wpr-particle-no wpr-jarallax-no wpr-parallax-no wpr-sticky-section-no wpr-equal-height-no\" data-id=\"9120b5d\" data-element_type=\"section\" data-e-type=\"section\">\n\t\t\t\t\t\t<div class=\"elementor-container elementor-column-gap-default\">\n\t\t\t\t\t<div class=\"elementor-column elementor-col-100 elementor-top-column elementor-element elementor-element-db0e18a\" data-id=\"db0e18a\" data-element_type=\"column\" data-e-type=\"column\">\n\t\t\t<div class=\"elementor-widget-wrap elementor-element-populated\">\n\t\t\t\t\t\t<div class=\"elementor-element elementor-element-8ef4094 elementor-widget elementor-widget-heading\" data-id=\"8ef4094\" data-element_type=\"widget\" data-e-type=\"widget\" data-widget_type=\"heading.default\">\n\t\t\t\t<div class=\"elementor-widget-container\">\n\t\t\t\t\t<h2 class=\"elementor-heading-title elementor-size-default\">Inspiration : Des projets, des nouvelles pratiques et des id\u00e9es<\/h2>\t\t\t\t<\/div>\n\t\t\t\t<\/div>\n\t\t\t\t\t<\/div>\n\t\t<\/div>\n\t\t\t\t\t<\/div>\n\t\t<\/section>\n\t\t<div class=\"elementor-element elementor-element-4651deb e-flex e-con-boxed wpr-particle-no wpr-jarallax-no wpr-parallax-no wpr-sticky-section-no wpr-equal-height-no e-con e-parent\" data-id=\"4651deb\" data-element_type=\"container\" data-e-type=\"container\">\n\t\t\t\t\t<div class=\"e-con-inner\">\n\t\t<div class=\"elementor-element elementor-element-cce0b26 e-grid e-con-full wpr-particle-no wpr-jarallax-no wpr-parallax-no wpr-sticky-section-no wpr-equal-height-no e-con e-child\" data-id=\"cce0b26\" data-element_type=\"container\" data-e-type=\"container\">\n\t\t<a class=\"elementor-element elementor-element-7f671b4 e-con-full e-flex wpr-particle-no wpr-jarallax-no wpr-parallax-no wpr-sticky-section-no wpr-equal-height-no e-con e-child\" data-id=\"7f671b4\" data-element_type=\"container\" data-e-type=\"container\" data-settings=\"{&quot;background_background&quot;:&quot;classic&quot;}\" href=\"https:\/\/framamia.org\/fr\/\" target=\"_blank\">\n\t\t\t\t<div class=\"elementor-element elementor-element-43ba5af elementor-widget elementor-widget-heading\" data-id=\"43ba5af\" data-element_type=\"widget\" data-e-type=\"widget\" data-widget_type=\"heading.default\">\n\t\t\t\t<div class=\"elementor-widget-container\">\n\t\t\t\t\t<h3 class=\"elementor-heading-title elementor-size-default\">FramamIA<\/h3>\t\t\t\t<\/div>\n\t\t\t\t<\/div>\n\t\t\t\t<div class=\"elementor-element elementor-element-9371245 elementor-widget elementor-widget-text-editor\" data-id=\"9371245\" data-element_type=\"widget\" data-e-type=\"widget\" data-widget_type=\"text-editor.default\">\n\t\t\t\t<div class=\"elementor-widget-container\">\n\t\t\t\t\t\t\t\t\t<p>Espace propos\u00e9 par Framasoft, une association fran\u00e7aise consacr\u00e9 \u00e0 l&rsquo;\u00e9ducation populaire aux enjeux num\u00e9riques. Lisez la partie 5.2 sur les bonnes questions \u00e0 se poser avant de confier nos usages \u00e0 un outil num\u00e9rique !<\/p>\t\t\t\t\t\t\t\t<\/div>\n\t\t\t\t<\/div>\n\t\t\t\t<\/a>\n\t\t<a class=\"elementor-element elementor-element-2874b2d e-con-full e-flex wpr-particle-no wpr-jarallax-no wpr-parallax-no wpr-sticky-section-no wpr-equal-height-no e-con e-child\" data-id=\"2874b2d\" data-element_type=\"container\" data-e-type=\"container\" data-settings=\"{&quot;background_background&quot;:&quot;classic&quot;}\" href=\"https:\/\/living-lab.cnam.fr\/mettre-les-eleves-en-reflexivite-sur-le-bon-usage-de-chatgpt-dans-un-cours\/\" target=\"_blank\">\n\t\t\t\t<div class=\"elementor-element elementor-element-2387477 elementor-widget elementor-widget-heading\" data-id=\"2387477\" data-element_type=\"widget\" data-e-type=\"widget\" data-widget_type=\"heading.default\">\n\t\t\t\t<div class=\"elementor-widget-container\">\n\t\t\t\t\t<h3 class=\"elementor-heading-title elementor-size-default\">Mettre les \u00e9l\u00e8ves en r\u00e9flexivit\u00e9 sur le bon usage de ChatGPT dans un cours<\/h3>\t\t\t\t<\/div>\n\t\t\t\t<\/div>\n\t\t\t\t<div class=\"elementor-element elementor-element-a538b35 elementor-widget elementor-widget-text-editor\" data-id=\"a538b35\" data-element_type=\"widget\" data-e-type=\"widget\" data-widget_type=\"text-editor.default\">\n\t\t\t\t<div class=\"elementor-widget-container\">\n\t\t\t\t\t\t\t\t\t<p>Un exercice d&rsquo;analyse critique sur l&rsquo;utilisation de l&rsquo;IA g\u00e9n\u00e9rative aupr\u00e8s des \u00e9tudiants du Master BIM du Cnam Occitanie. Une exp\u00e9rience enrichissante qui consacre l&rsquo;IA en tant qu&rsquo;outil au service de l&rsquo;innovation p\u00e9dagogique mais qui ne remplace pas\u00a0 encore l&rsquo;expertise humaine.<\/p>\t\t\t\t\t\t\t\t<\/div>\n\t\t\t\t<\/div>\n\t\t\t\t<\/a>\n\t\t<a class=\"elementor-element elementor-element-d65d949 e-con-full e-flex wpr-particle-no wpr-jarallax-no wpr-parallax-no wpr-sticky-section-no wpr-equal-height-no e-con e-child\" data-id=\"d65d949\" data-element_type=\"container\" data-e-type=\"container\" data-settings=\"{&quot;background_background&quot;:&quot;classic&quot;}\" href=\"https:\/\/cafeia.org\/\" target=\"_blank\">\n\t\t\t\t<div class=\"elementor-element elementor-element-a13e09a elementor-widget elementor-widget-heading\" data-id=\"a13e09a\" data-element_type=\"widget\" data-e-type=\"widget\" data-widget_type=\"heading.default\">\n\t\t\t\t<div class=\"elementor-widget-container\">\n\t\t\t\t\t<h3 class=\"elementor-heading-title elementor-size-default\">Caf\u00e9 IA <\/h3>\t\t\t\t<\/div>\n\t\t\t\t<\/div>\n\t\t\t\t<div class=\"elementor-element elementor-element-fa2c631 elementor-widget elementor-widget-text-editor\" data-id=\"fa2c631\" data-element_type=\"widget\" data-e-type=\"widget\" data-widget_type=\"text-editor.default\">\n\t\t\t\t<div class=\"elementor-widget-container\">\n\t\t\t\t\t\t\t\t\t<p>Un projet du Conseil national du num\u00e9rique qui vise \u00e0 f\u00e9d\u00e9rer, soutenir, promouvoir et rassembler les initiatives de d\u00e9bats et de partage de connaissances sur l\u2019IA men\u00e9es en vue de la diffusion d\u2019une culture populaire du num\u00e9rique. Des ressources p\u00e9dagogiques int\u00e9ressantes !<\/p>\t\t\t\t\t\t\t\t<\/div>\n\t\t\t\t<\/div>\n\t\t\t\t<\/a>\n\t\t\t\t<\/div>\n\t\t\t\t\t<\/div>\n\t\t\t\t<\/div>\n\t\t<div class=\"elementor-element elementor-element-5e8e24d e-flex e-con-boxed wpr-particle-no wpr-jarallax-no wpr-parallax-no wpr-sticky-section-no wpr-equal-height-no e-con e-parent\" data-id=\"5e8e24d\" data-element_type=\"container\" data-e-type=\"container\">\n\t\t\t\t\t<div class=\"e-con-inner\">\n\t\t<div class=\"elementor-element elementor-element-0571cfd e-con-full e-flex wpr-particle-no wpr-jarallax-no wpr-parallax-no wpr-sticky-section-no wpr-equal-height-no e-con e-child\" data-id=\"0571cfd\" data-element_type=\"container\" data-e-type=\"container\">\n\t\t\t\t<div class=\"elementor-element elementor-element-788adde elementor-widget elementor-widget-spacer\" data-id=\"788adde\" data-element_type=\"widget\" data-e-type=\"widget\" data-widget_type=\"spacer.default\">\n\t\t\t\t<div class=\"elementor-widget-container\">\n\t\t\t\t\t\t\t<div class=\"elementor-spacer\">\n\t\t\t<div class=\"elementor-spacer-inner\"><\/div>\n\t\t<\/div>\n\t\t\t\t\t\t<\/div>\n\t\t\t\t<\/div>\n\t\t\t\t<\/div>\n\t\t\t\t\t<\/div>\n\t\t\t\t<\/div>\n\t\t<div class=\"elementor-element elementor-element-ab62308 e-flex e-con-boxed wpr-particle-no wpr-jarallax-no wpr-parallax-no wpr-sticky-section-no wpr-equal-height-no e-con e-parent\" data-id=\"ab62308\" data-element_type=\"container\" data-e-type=\"container\" data-settings=\"{&quot;background_background&quot;:&quot;classic&quot;}\">\n\t\t\t\t\t<div class=\"e-con-inner\">\n\t\t<div class=\"elementor-element elementor-element-1c335a9 e-con-full e-flex wpr-particle-no wpr-jarallax-no wpr-parallax-no wpr-sticky-section-no wpr-equal-height-no e-con e-child\" data-id=\"1c335a9\" data-element_type=\"container\" data-e-type=\"container\">\n\t\t\t\t<div class=\"elementor-element elementor-element-4dfb01f elementor-widget elementor-widget-heading\" data-id=\"4dfb01f\" data-element_type=\"widget\" data-e-type=\"widget\" data-widget_type=\"heading.default\">\n\t\t\t\t<div class=\"elementor-widget-container\">\n\t\t\t\t\t<h2 class=\"elementor-heading-title elementor-size-default\">Podcasts<\/h2>\t\t\t\t<\/div>\n\t\t\t\t<\/div>\n\t\t<div class=\"elementor-element elementor-element-16c33e8 e-grid e-con-full wpr-particle-no wpr-jarallax-no wpr-parallax-no wpr-sticky-section-no wpr-equal-height-no e-con e-child\" data-id=\"16c33e8\" data-element_type=\"container\" data-e-type=\"container\">\n\t\t<a class=\"elementor-element elementor-element-698077d e-con-full e-flex wpr-particle-no wpr-jarallax-no wpr-parallax-no wpr-sticky-section-no wpr-equal-height-no e-con e-child\" data-id=\"698077d\" data-element_type=\"container\" data-e-type=\"container\" data-settings=\"{&quot;background_background&quot;:&quot;classic&quot;}\" href=\"https:\/\/video.umontpellier.fr\/pedagonum-pedagogie-numerique-a-lum\/podcasts-sun\/video\/21949-produire-des-ressources-pedagogiques-interactives-avec-les-iag-rex-de-xavier-bailly-ipag\/\" target=\"_blank\">\n\t\t\t\t<div class=\"elementor-element elementor-element-e88bedc elementor-widget elementor-widget-heading\" data-id=\"e88bedc\" data-element_type=\"widget\" data-e-type=\"widget\" data-widget_type=\"heading.default\">\n\t\t\t\t<div class=\"elementor-widget-container\">\n\t\t\t\t\t<h3 class=\"elementor-heading-title elementor-size-default\">Produire des ressources p\u00e9dagogiques interactives avecles IAg <\/h3>\t\t\t\t<\/div>\n\t\t\t\t<\/div>\n\t\t\t\t<div class=\"elementor-element elementor-element-2868615 elementor-widget elementor-widget-text-editor\" data-id=\"2868615\" data-element_type=\"widget\" data-e-type=\"widget\" data-widget_type=\"text-editor.default\">\n\t\t\t\t<div class=\"elementor-widget-container\">\n\t\t\t\t\t\t\t\t\t<p>REX de l&rsquo;enseignant Xavier Bailly (IPAG) lors de l&rsquo;exp\u00e9rimentation de l&rsquo;outil ARI-stote visant \u00e0 accompagner les \u00e9tudiants de Master 2 dans leur pr\u00e9paration aux concours de la fonction publique. Extrait du webinaire enregistr\u00e9 le 10 octobre 2024 \u00e0 l&rsquo;Universit\u00e9 de Montpellier.<\/p>\t\t\t\t\t\t\t\t<\/div>\n\t\t\t\t<\/div>\n\t\t\t\t<\/a>\n\t\t<a class=\"elementor-element elementor-element-52dfd07 e-con-full e-flex wpr-particle-no wpr-jarallax-no wpr-parallax-no wpr-sticky-section-no wpr-equal-height-no e-con e-child\" data-id=\"52dfd07\" data-element_type=\"container\" data-e-type=\"container\" data-settings=\"{&quot;background_background&quot;:&quot;classic&quot;}\" href=\"https:\/\/www.radiofrance.fr\/franceculture\/podcasts\/etre-et-savoir\/education-et-ia-ou-allons-nous-7616037\" target=\"_blank\">\n\t\t\t\t<div class=\"elementor-element elementor-element-3fd2197 elementor-widget elementor-widget-heading\" data-id=\"3fd2197\" data-element_type=\"widget\" data-e-type=\"widget\" data-widget_type=\"heading.default\">\n\t\t\t\t<div class=\"elementor-widget-container\">\n\t\t\t\t\t<h3 class=\"elementor-heading-title elementor-size-default\">Peut-on mettre l\u2019intelligence artificielle au service de l\u2019\u00e9ducation ?<\/h3>\t\t\t\t<\/div>\n\t\t\t\t<\/div>\n\t\t\t\t<div class=\"elementor-element elementor-element-619dc0e elementor-widget elementor-widget-text-editor\" data-id=\"619dc0e\" data-element_type=\"widget\" data-e-type=\"widget\" data-widget_type=\"text-editor.default\">\n\t\t\t\t<div class=\"elementor-widget-container\">\n\t\t\t\t\t\t\t\t\t<p>Dans ce document audio de France culture, L&rsquo;IA g\u00e9n\u00e9rative est pr\u00e9sent\u00e9e comme un sujet majeur pour l&rsquo;enseignement : elle permet de gagner du temps pour les enseignant\u00b7es et les \u00e9tudiant\u00b7es, mais n\u00e9cessite une red\u00e9finition du travail \u00e0 r\u00e9aliser en cours et \u00e0 la maison. Nous trouvons int\u00e9ressant la r\u00e9flexion autour de la question du plagiat.\u00a0<\/p>\t\t\t\t\t\t\t\t<\/div>\n\t\t\t\t<\/div>\n\t\t\t\t<\/a>\n\t\t<a class=\"elementor-element elementor-element-d450f12 e-con-full e-flex wpr-particle-no wpr-jarallax-no wpr-parallax-no wpr-sticky-section-no wpr-equal-height-no e-con e-child\" data-id=\"d450f12\" data-element_type=\"container\" data-e-type=\"container\" data-settings=\"{&quot;background_background&quot;:&quot;classic&quot;}\" href=\"https:\/\/digital-learning-academy.com\/ia-et-competences-le-futur-de-la-formation-professionnelle\/\" target=\"_blank\">\n\t\t\t\t<div class=\"elementor-element elementor-element-2f04518 elementor-widget elementor-widget-heading\" data-id=\"2f04518\" data-element_type=\"widget\" data-e-type=\"widget\" data-widget_type=\"heading.default\">\n\t\t\t\t<div class=\"elementor-widget-container\">\n\t\t\t\t\t<h3 class=\"elementor-heading-title elementor-size-default\">IA et comp\u00e9tences \u2013 Le futur de la formation professionnelle<\/h3>\t\t\t\t<\/div>\n\t\t\t\t<\/div>\n\t\t\t\t<div class=\"elementor-element elementor-element-20ecbbb elementor-widget elementor-widget-text-editor\" data-id=\"20ecbbb\" data-element_type=\"widget\" data-e-type=\"widget\" data-widget_type=\"text-editor.default\">\n\t\t\t\t<div class=\"elementor-widget-container\">\n\t\t\t\t\t\t\t\t\t<p>Rochane Kerbouche, chef de projet num\u00e9rique et responsable de la cellule TICE chez Bruxelles Formation, partage son exp\u00e9rience sur l&rsquo;int\u00e9gration de l&rsquo;IA g\u00e9n\u00e9rative dans des pratiques p\u00e9dagogiques. L&rsquo;enjeux de l&rsquo;\u00e9thique et la protection de donn\u00e9es lors de l&rsquo;utilisation de l&rsquo;IAg revient encore une fois !<\/p>\t\t\t\t\t\t\t\t<\/div>\n\t\t\t\t<\/div>\n\t\t\t\t<\/a>\n\t\t\t\t<\/div>\n\t\t\t\t<\/div>\n\t\t\t\t\t<\/div>\n\t\t\t\t<\/div>\n\t\t\t\t<section class=\"elementor-section elementor-top-section elementor-element elementor-element-bc508d4 elementor-section-boxed elementor-section-height-default elementor-section-height-default wpr-particle-no wpr-jarallax-no wpr-parallax-no wpr-sticky-section-no wpr-equal-height-no\" data-id=\"bc508d4\" data-element_type=\"section\" data-e-type=\"section\">\n\t\t\t\t\t\t<div class=\"elementor-container elementor-column-gap-default\">\n\t\t\t\t\t<div class=\"elementor-column elementor-col-100 elementor-top-column elementor-element elementor-element-e23cf03\" data-id=\"e23cf03\" data-element_type=\"column\" data-e-type=\"column\">\n\t\t\t<div class=\"elementor-widget-wrap elementor-element-populated\">\n\t\t\t\t\t\t<div class=\"elementor-element elementor-element-7b99044 elementor-widget elementor-widget-heading\" data-id=\"7b99044\" data-element_type=\"widget\" data-e-type=\"widget\" data-widget_type=\"heading.default\">\n\t\t\t\t<div class=\"elementor-widget-container\">\n\t\t\t\t\t<h2 class=\"elementor-heading-title elementor-size-default\">Webinaires en replay<\/h2>\t\t\t\t<\/div>\n\t\t\t\t<\/div>\n\t\t\t\t\t<\/div>\n\t\t<\/div>\n\t\t\t\t\t<\/div>\n\t\t<\/section>\n\t\t<div class=\"elementor-element elementor-element-2cf1b90 e-grid e-con-boxed wpr-particle-no wpr-jarallax-no wpr-parallax-no wpr-sticky-section-no wpr-equal-height-no e-con e-parent\" data-id=\"2cf1b90\" data-element_type=\"container\" data-e-type=\"container\" data-settings=\"{&quot;background_background&quot;:&quot;classic&quot;}\">\n\t\t\t\t\t<div class=\"e-con-inner\">\n\t\t<a class=\"elementor-element elementor-element-dfe5665 e-con-full e-flex wpr-particle-no wpr-jarallax-no wpr-parallax-no wpr-sticky-section-no wpr-equal-height-no e-con e-child\" data-id=\"dfe5665\" data-element_type=\"container\" data-e-type=\"container\" data-settings=\"{&quot;background_background&quot;:&quot;classic&quot;}\" href=\"https:\/\/www.amue.fr\/publications\/actualites\/details\/les-rdv-de-lamue-2024-les-replays-sont-en-ligne\" target=\"_blank\">\n\t\t<div class=\"elementor-element elementor-element-b5eea5c e-grid e-con-full wpr-particle-no wpr-jarallax-no wpr-parallax-no wpr-sticky-section-no wpr-equal-height-no e-con e-child\" data-id=\"b5eea5c\" data-element_type=\"container\" data-e-type=\"container\">\n\t\t<a class=\"elementor-element elementor-element-6410100 e-con-full e-flex wpr-particle-no wpr-jarallax-no wpr-parallax-no wpr-sticky-section-no wpr-equal-height-no e-con e-child\" data-id=\"6410100\" data-element_type=\"container\" data-e-type=\"container\" data-settings=\"{&quot;background_background&quot;:&quot;classic&quot;}\" href=\"https:\/\/www.youtube.com\/watch?v=zJznZ9Hi5mw\" target=\"_blank\">\n\t\t\t\t<div class=\"elementor-element elementor-element-f08d6e4 elementor-widget elementor-widget-heading\" data-id=\"f08d6e4\" data-element_type=\"widget\" data-e-type=\"widget\" data-widget_type=\"heading.default\">\n\t\t\t\t<div class=\"elementor-widget-container\">\n\t\t\t\t\t<h3 class=\"elementor-heading-title elementor-size-default\">Augmented Intelligence: Technological revolution, Human Evolution<\/h3>\t\t\t\t<\/div>\n\t\t\t\t<\/div>\n\t\t\t\t<div class=\"elementor-element elementor-element-ad673a7 elementor-widget elementor-widget-text-editor\" data-id=\"ad673a7\" data-element_type=\"widget\" data-e-type=\"widget\" data-widget_type=\"text-editor.default\">\n\t\t\t\t<div class=\"elementor-widget-container\">\n\t\t\t\t\t\t\t\t\t<p>L&rsquo;intelligence augment\u00e9e ? Dans cette pr\u00e9sentation lors du Moodle Moot 2024 \u00e0 Mexico,\u00a0 Fernando Valenzuela explique comment l&rsquo;int\u00e9gration de la technologie et des comp\u00e9tences humaines peut construire un avenir \u00e9quilibr\u00e9. La conf\u00e9rence est en anglais mais tr\u00e8s ludique !<\/p>\t\t\t\t\t\t\t\t<\/div>\n\t\t\t\t<\/div>\n\t\t\t\t<\/a>\n\t\t<a class=\"elementor-element elementor-element-f6e29b5 e-con-full e-flex wpr-particle-no wpr-jarallax-no wpr-parallax-no wpr-sticky-section-no wpr-equal-height-no e-con e-child\" data-id=\"f6e29b5\" data-element_type=\"container\" data-e-type=\"container\" data-settings=\"{&quot;background_background&quot;:&quot;classic&quot;}\" href=\"https:\/\/www.youtube.com\/watch?v=a-RwuFzdJQI&#038;list=PLCEOPR7vHlz5H-IE8ViWQpjjzgYDIhoLy&#038;index=7\" target=\"_blank\">\n\t\t\t\t<div class=\"elementor-element elementor-element-2c1106e elementor-widget elementor-widget-heading\" data-id=\"2c1106e\" data-element_type=\"widget\" data-e-type=\"widget\" data-widget_type=\"heading.default\">\n\t\t\t\t<div class=\"elementor-widget-container\">\n\t\t\t\t\t<h3 class=\"elementor-heading-title elementor-size-default\">Intelligence artificielle et \u00e9ducation<\/h3>\t\t\t\t<\/div>\n\t\t\t\t<\/div>\n\t\t\t\t<div class=\"elementor-element elementor-element-6f17496 elementor-widget elementor-widget-text-editor\" data-id=\"6f17496\" data-element_type=\"widget\" data-e-type=\"widget\" data-widget_type=\"text-editor.default\">\n\t\t\t\t<div class=\"elementor-widget-container\">\n\t\t\t\t\t\t\t\t\t<p>Quels sont les enjeux soci\u00e9taux de l\u2019IA ?Comment fonctionne-t-elle ? Quelle \u00e9ducation \u00e0 l\u2019IA ? O\u00f9 trouver les ressources ? Voici des questions auxquelles Bastien Masse, d\u00e9l\u00e9gu\u00e9 de l\u2019association Class\u2019Code essaye de r\u00e9pondre.<\/p>\t\t\t\t\t\t\t\t<\/div>\n\t\t\t\t<\/div>\n\t\t\t\t<\/a>\n\t\t\t\t<\/div>\n\t\t\t\t<\/a>\n\t\t\t\t\t<\/div>\n\t\t\t\t<\/div>\n\t\t<div class=\"elementor-element elementor-element-478bbea e-flex e-con-boxed wpr-particle-no wpr-jarallax-no wpr-parallax-no wpr-sticky-section-no wpr-equal-height-no e-con e-parent\" data-id=\"478bbea\" data-element_type=\"container\" data-e-type=\"container\">\n\t\t\t\t\t<div class=\"e-con-inner\">\n\t\t<div class=\"elementor-element elementor-element-b4b2671 e-con-full e-flex wpr-particle-no wpr-jarallax-no wpr-parallax-no wpr-sticky-section-no wpr-equal-height-no e-con e-child\" data-id=\"b4b2671\" data-element_type=\"container\" data-e-type=\"container\">\n\t\t\t\t<div class=\"elementor-element elementor-element-7654370 elementor-widget elementor-widget-spacer\" data-id=\"7654370\" data-element_type=\"widget\" data-e-type=\"widget\" data-widget_type=\"spacer.default\">\n\t\t\t\t<div class=\"elementor-widget-container\">\n\t\t\t\t\t\t\t<div class=\"elementor-spacer\">\n\t\t\t<div class=\"elementor-spacer-inner\"><\/div>\n\t\t<\/div>\n\t\t\t\t\t\t<\/div>\n\t\t\t\t<\/div>\n\t\t\t\t<\/div>\n\t\t\t\t\t<\/div>\n\t\t\t\t<\/div>\n\t\t<div class=\"elementor-element elementor-element-126b525 e-flex e-con-boxed wpr-particle-no wpr-jarallax-no wpr-parallax-no wpr-sticky-section-no wpr-equal-height-no e-con e-parent\" data-id=\"126b525\" data-element_type=\"container\" data-e-type=\"container\" data-settings=\"{&quot;background_background&quot;:&quot;classic&quot;}\">\n\t\t\t\t\t<div class=\"e-con-inner\">\n\t\t<div class=\"elementor-element elementor-element-768ac16 e-con-full e-flex wpr-particle-no wpr-jarallax-no wpr-parallax-no wpr-sticky-section-no wpr-equal-height-no e-con e-child\" data-id=\"768ac16\" data-element_type=\"container\" data-e-type=\"container\">\n\t\t\t\t<div class=\"elementor-element elementor-element-9db3e3f elementor-widget elementor-widget-heading\" data-id=\"9db3e3f\" data-element_type=\"widget\" data-e-type=\"widget\" data-widget_type=\"heading.default\">\n\t\t\t\t<div class=\"elementor-widget-container\">\n\t\t\t\t\t<h2 class=\"elementor-heading-title elementor-size-default\">D'autres outils \u00e0 explorer<\/h2>\t\t\t\t<\/div>\n\t\t\t\t<\/div>\n\t\t<div class=\"elementor-element elementor-element-65f4c31 e-grid e-con-boxed wpr-particle-no wpr-jarallax-no wpr-parallax-no wpr-sticky-section-no wpr-equal-height-no e-con e-child\" data-id=\"65f4c31\" data-element_type=\"container\" data-e-type=\"container\">\n\t\t\t\t\t<div class=\"e-con-inner\">\n\t\t<a class=\"elementor-element elementor-element-577c275 e-con-full e-flex wpr-particle-no wpr-jarallax-no wpr-parallax-no wpr-sticky-section-no wpr-equal-height-no e-con e-child\" data-id=\"577c275\" data-element_type=\"container\" data-e-type=\"container\" data-settings=\"{&quot;background_background&quot;:&quot;classic&quot;}\" href=\"https:\/\/outilstice.com\/2023\/12\/outils-intelligence-artificielle-creer-plans-cours\/#Outil_IA_n%C2%B05_LessonPlan\" target=\"_blank\">\n\t\t\t\t<div class=\"elementor-element elementor-element-5de492d elementor-widget elementor-widget-heading\" data-id=\"5de492d\" data-element_type=\"widget\" data-e-type=\"widget\" data-widget_type=\"heading.default\">\n\t\t\t\t<div class=\"elementor-widget-container\">\n\t\t\t\t\t<h3 class=\"elementor-heading-title elementor-size-default\">Des outils d\u2019intelligence artificielle pour cr\u00e9er des plans de cours<\/h3>\t\t\t\t<\/div>\n\t\t\t\t<\/div>\n\t\t\t\t<div class=\"elementor-element elementor-element-b55c0fe elementor-widget elementor-widget-text-editor\" data-id=\"b55c0fe\" data-element_type=\"widget\" data-e-type=\"widget\" data-widget_type=\"text-editor.default\">\n\t\t\t\t<div class=\"elementor-widget-container\">\n\t\t\t\t\t\t\t\t\t<p>Une s\u00e9lection de 5 outils pour g\u00e9n\u00e9rer des plans de cours\u00a0 avec l\u2019aide de l\u2019intelligence artificielle g\u00e9n\u00e9rative. Ils ont \u00e9t\u00e9 d\u00e9velopp\u00e9s dans cet objectif et par cons\u00e9quent ils sont mieux adapt\u00e9s que ChatGPT.<\/p>\t\t\t\t\t\t\t\t<\/div>\n\t\t\t\t<\/div>\n\t\t\t\t<\/a>\n\t\t<a class=\"elementor-element elementor-element-0398dd5 e-con-full e-flex wpr-particle-no wpr-jarallax-no wpr-parallax-no wpr-sticky-section-no wpr-equal-height-no e-con e-child\" data-id=\"0398dd5\" data-element_type=\"container\" data-e-type=\"container\" data-settings=\"{&quot;background_background&quot;:&quot;classic&quot;}\" href=\"https:\/\/chatgpt.com\/g\/g-gzrPOXNkx-entrainement-aux-prompts-pedagogiques\" target=\"_blank\">\n\t\t\t\t<div class=\"elementor-element elementor-element-bd845e1 elementor-widget elementor-widget-heading\" data-id=\"bd845e1\" data-element_type=\"widget\" data-e-type=\"widget\" data-widget_type=\"heading.default\">\n\t\t\t\t<div class=\"elementor-widget-container\">\n\t\t\t\t\t<h3 class=\"elementor-heading-title elementor-size-default\">HeyGen<\/h3>\t\t\t\t<\/div>\n\t\t\t\t<\/div>\n\t\t\t\t<div class=\"elementor-element elementor-element-0b7ff0e elementor-widget elementor-widget-text-editor\" data-id=\"0b7ff0e\" data-element_type=\"widget\" data-e-type=\"widget\" data-widget_type=\"text-editor.default\">\n\t\t\t\t<div class=\"elementor-widget-container\">\n\t\t\t\t\t\t\t\t\t<p>G\u00e9n\u00e9rateur de Vid\u00e9o IA qui permet de cr\u00e9er son propre avatar et des vid\u00e9os en saisissant simplement du texte.\u00a0<\/p>\t\t\t\t\t\t\t\t<\/div>\n\t\t\t\t<\/div>\n\t\t\t\t<\/a>\n\t\t<a class=\"elementor-element elementor-element-8c3fe48 e-con-full e-flex wpr-particle-no wpr-jarallax-no wpr-parallax-no wpr-sticky-section-no wpr-equal-height-no e-con e-child\" data-id=\"8c3fe48\" data-element_type=\"container\" data-e-type=\"container\" data-settings=\"{&quot;background_background&quot;:&quot;classic&quot;}\" href=\"https:\/\/www.comparia.beta.gouv.fr\/\" target=\"_blank\">\n\t\t\t\t<div class=\"elementor-element elementor-element-ddd9b2b elementor-widget elementor-widget-heading\" data-id=\"ddd9b2b\" data-element_type=\"widget\" data-e-type=\"widget\" data-widget_type=\"heading.default\">\n\t\t\t\t<div class=\"elementor-widget-container\">\n\t\t\t\t\t<h3 class=\"elementor-heading-title elementor-size-default\">Compar:IA<\/h3>\t\t\t\t<\/div>\n\t\t\t\t<\/div>\n\t\t\t\t<div class=\"elementor-element elementor-element-4b1618a elementor-widget elementor-widget-text-editor\" data-id=\"4b1618a\" data-element_type=\"widget\" data-e-type=\"widget\" data-widget_type=\"text-editor.default\">\n\t\t\t\t<div class=\"elementor-widget-container\">\n\t\t\t\t\t\t\t\t\t<p>Outil gratuit qui permet de discutez avec deux IA \u00e0 l\u2019aveugle pour croiser leurs r\u00e9ponses. Il vise \u00e0 sensibiliser le public \u00e0 l\u2019IA g\u00e9n\u00e9rative et \u00e0 ses enjeux en d\u00e9veloppant un esprit critique et en mesurant l&#8217;empreinte \u00e9cologique des questions pos\u00e9es.\u00a0<\/p>\t\t\t\t\t\t\t\t<\/div>\n\t\t\t\t<\/div>\n\t\t\t\t<\/a>\n\t\t\t\t\t<\/div>\n\t\t\t\t<\/div>\n\t\t\t\t<\/div>\n\t\t\t\t\t<\/div>\n\t\t\t\t<\/div>\n\t\t\t\t<section class=\"elementor-section elementor-top-section elementor-element elementor-element-73699e1 elementor-section-boxed elementor-section-height-default elementor-section-height-default wpr-particle-no wpr-jarallax-no wpr-parallax-no wpr-sticky-section-no wpr-equal-height-no\" data-id=\"73699e1\" data-element_type=\"section\" data-e-type=\"section\" data-settings=\"{&quot;background_background&quot;:&quot;classic&quot;}\">\n\t\t\t\t\t\t<div class=\"elementor-container elementor-column-gap-default\">\n\t\t\t\t\t<div class=\"elementor-column elementor-col-100 elementor-top-column elementor-element elementor-element-e44eed5\" data-id=\"e44eed5\" data-element_type=\"column\" data-e-type=\"column\">\n\t\t\t<div class=\"elementor-widget-wrap elementor-element-populated\">\n\t\t\t\t\t\t<div class=\"elementor-element elementor-element-52f6d59 elementor-widget elementor-widget-heading\" data-id=\"52f6d59\" data-element_type=\"widget\" data-e-type=\"widget\" data-widget_type=\"heading.default\">\n\t\t\t\t<div class=\"elementor-widget-container\">\n\t\t\t\t\t<h2 class=\"elementor-heading-title elementor-size-default\">A suivre...<\/h2>\t\t\t\t<\/div>\n\t\t\t\t<\/div>\n\t\t\t\t<div class=\"elementor-element elementor-element-b294c49 elementor-widget elementor-widget-spacer\" data-id=\"b294c49\" data-element_type=\"widget\" data-e-type=\"widget\" data-widget_type=\"spacer.default\">\n\t\t\t\t<div class=\"elementor-widget-container\">\n\t\t\t\t\t\t\t<div class=\"elementor-spacer\">\n\t\t\t<div class=\"elementor-spacer-inner\"><\/div>\n\t\t<\/div>\n\t\t\t\t\t\t<\/div>\n\t\t\t\t<\/div>\n\t\t\t\t\t<\/div>\n\t\t<\/div>\n\t\t\t\t\t<\/div>\n\t\t<\/section>\n\t\t<div class=\"elementor-element elementor-element-5f1ffc2 e-grid e-con-boxed wpr-particle-no wpr-jarallax-no wpr-parallax-no wpr-sticky-section-no wpr-equal-height-no e-con e-parent\" data-id=\"5f1ffc2\" data-element_type=\"container\" data-e-type=\"container\">\n\t\t\t\t\t<div class=\"e-con-inner\">\n\t\t<div class=\"elementor-element elementor-element-feb7586 e-grid e-con-full wpr-particle-no wpr-jarallax-no wpr-parallax-no wpr-sticky-section-no wpr-equal-height-no e-con e-child\" data-id=\"feb7586\" data-element_type=\"container\" data-e-type=\"container\">\n\t\t<a class=\"elementor-element elementor-element-a0e6c11 e-con-full e-flex wpr-particle-no wpr-jarallax-no wpr-parallax-no wpr-sticky-section-no wpr-equal-height-no e-con e-child\" data-id=\"a0e6c11\" data-element_type=\"container\" data-e-type=\"container\" data-settings=\"{&quot;background_background&quot;:&quot;classic&quot;}\">\n\t\t\t\t<div class=\"elementor-element elementor-element-24fba8f elementor-widget elementor-widget-heading\" data-id=\"24fba8f\" data-element_type=\"widget\" data-e-type=\"widget\" data-widget_type=\"heading.default\">\n\t\t\t\t<div class=\"elementor-widget-container\">\n\t\t\t\t\t<h3 class=\"elementor-heading-title elementor-size-default\">Sensibilisation \u00e0 l'intelligence artificielle<\/h3>\t\t\t\t<\/div>\n\t\t\t\t<\/div>\n\t\t\t\t<div class=\"elementor-element elementor-element-a2e1be4 elementor-widget elementor-widget-text-editor\" data-id=\"a2e1be4\" data-element_type=\"widget\" data-e-type=\"widget\" data-widget_type=\"text-editor.default\">\n\t\t\t\t<div class=\"elementor-widget-container\">\n\t\t\t\t\t\t\t\t\t<p>Cela n&rsquo;aura \u00e9chapp\u00e9 \u00e0 personne : l&rsquo;intelligence artificielle (IA) est partout. Dans nos vies personnelles mais aussi professionnelles. Conf\u00e9rence pour tout les agents et personnels Institut Agro et INRAE.<\/p><div style=\"text-align: left;\"><strong>\ud83d\udcc6 Date<\/strong> : 04\/02\/2025 \u00e0 14h<br \/><strong>\ud83d\udccd Lieu :<\/strong> amphi Lamour &#8211; La Gaillarde<\/div><div><strong>\u270d\ufe0f Inscription : <\/strong>information \u00e0 venir<\/div>\t\t\t\t\t\t\t\t<\/div>\n\t\t\t\t<\/div>\n\t\t\t\t<\/a>\n\t\t<a class=\"elementor-element elementor-element-c020ce7 e-con-full e-flex wpr-particle-no wpr-jarallax-no wpr-parallax-no wpr-sticky-section-no wpr-equal-height-no e-con e-child\" data-id=\"c020ce7\" data-element_type=\"container\" data-e-type=\"container\" data-settings=\"{&quot;background_background&quot;:&quot;classic&quot;}\" href=\"https:\/\/www.elysee.fr\/sommet-pour-l-action-sur-l-ia\" target=\"_blank\">\n\t\t\t\t<div class=\"elementor-element elementor-element-a8b982e elementor-widget elementor-widget-heading\" data-id=\"a8b982e\" data-element_type=\"widget\" data-e-type=\"widget\" data-widget_type=\"heading.default\">\n\t\t\t\t<div class=\"elementor-widget-container\">\n\t\t\t\t\t<h3 class=\"elementor-heading-title elementor-size-default\">Sommet pour l'action sur l'Intelligence Artificielle<\/h3>\t\t\t\t<\/div>\n\t\t\t\t<\/div>\n\t\t\t\t<div class=\"elementor-element elementor-element-7bad2c2 elementor-widget elementor-widget-text-editor\" data-id=\"7bad2c2\" data-element_type=\"widget\" data-e-type=\"widget\" data-widget_type=\"text-editor.default\">\n\t\t\t\t<div class=\"elementor-widget-container\">\n\t\t\t\t\t\t\t\t\t<p>Les 10 et 11 f\u00e9vrier 2025, la France accueillera ce sommet qui r\u00e9unit des chefs d&rsquo;\u00c9tat et de gouvernements, dirigeants d&rsquo;organisations internationales, de petites et grandes entreprises, repr\u00e9sentants du monde universitaire, chercheurs, organisations non-gouvernementales, artistes et autres membres de la soci\u00e9t\u00e9 civile.<\/p>\t\t\t\t\t\t\t\t<\/div>\n\t\t\t\t<\/div>\n\t\t\t\t<\/a>\n\t\t<a class=\"elementor-element elementor-element-9ac5ce3 e-con-full e-flex wpr-particle-no wpr-jarallax-no wpr-parallax-no wpr-sticky-section-no wpr-equal-height-no e-con e-child\" data-id=\"9ac5ce3\" data-element_type=\"container\" data-e-type=\"container\" data-settings=\"{&quot;background_background&quot;:&quot;classic&quot;}\">\n\t\t\t\t<div class=\"elementor-element elementor-element-e69c8bb elementor-widget elementor-widget-heading\" data-id=\"e69c8bb\" data-element_type=\"widget\" data-e-type=\"widget\" data-widget_type=\"heading.default\">\n\t\t\t\t<div class=\"elementor-widget-container\">\n\t\t\t\t\t<h3 class=\"elementor-heading-title elementor-size-default\">Journ\u00e9e P\u00e9dagoN'UM<\/h3>\t\t\t\t<\/div>\n\t\t\t\t<\/div>\n\t\t\t\t<div class=\"elementor-element elementor-element-197e32c elementor-widget elementor-widget-text-editor\" data-id=\"197e32c\" data-element_type=\"widget\" data-e-type=\"widget\" data-widget_type=\"text-editor.default\">\n\t\t\t\t<div class=\"elementor-widget-container\">\n\t\t\t\t\t\t\t\t\t<p><span class=\"author-a-z89zz88zpez68z26z79z4z75zz86zgbz90zz70zv\">Le Service des Usages du Num\u00e9rique de l&rsquo;Universit\u00e9 de Montpellier, en partenariat avec le r\u00e9seau IA4Sup, offrira une nouvelle <\/span><span class=\"author-a-z89zz88zpez68z26z79z4z75zz86zgbz90zz70zv b\"><b>Journ\u00e9e P\u00e9dagoN&rsquo;UM<\/b><\/span><span class=\"author-a-z89zz88zpez68z26z79z4z75zz86zgbz90zz70zv\"> sur le th\u00e8me sp\u00e9cifique\u00a0<\/span><span class=\"author-a-z89zz88zpez68z26z79z4z75zz86zgbz90zz70zv b\"><b>\u00ab\u00a0IA et \u00e9valuation\u00a0\u00bb<\/b><\/span><span class=\"author-a-z89zz88zpez68z26z79z4z75zz86zgbz90zz70zv\">.\u00a0<\/span><\/p><div><strong>\ud83d\udcc6 Date<\/strong> : 26\/06\/2025 8h30 &#8211; 17h<br \/><strong>\ud83d\udccd Lieu :<\/strong> Institut de Botanique\u00a0 (amphith\u00e9\u00e2tre Flahault)<\/div><div><strong>\u270d\ufe0f Inscription : <\/strong>n\u00e9cessaire<\/div>\t\t\t\t\t\t\t\t<\/div>\n\t\t\t\t<\/div>\n\t\t\t\t<\/a>\n\t\t\t\t<\/div>\n\t\t\t\t\t<\/div>\n\t\t\t\t<\/div>\n\t\t<div class=\"elementor-element elementor-element-6c2f1ae e-flex e-con-boxed wpr-particle-no wpr-jarallax-no wpr-parallax-no wpr-sticky-section-no wpr-equal-height-no e-con e-parent\" data-id=\"6c2f1ae\" data-element_type=\"container\" data-e-type=\"container\">\n\t\t\t\t\t<div class=\"e-con-inner\">\n\t\t<div class=\"elementor-element elementor-element-4462747 e-con-full e-flex wpr-particle-no wpr-jarallax-no wpr-parallax-no wpr-sticky-section-no wpr-equal-height-no e-con e-child\" data-id=\"4462747\" data-element_type=\"container\" data-e-type=\"container\">\n\t\t\t\t<div class=\"elementor-element elementor-element-c212bdf elementor-widget elementor-widget-heading\" data-id=\"c212bdf\" data-element_type=\"widget\" data-e-type=\"widget\" data-widget_type=\"heading.default\">\n\t\t\t\t<div class=\"elementor-widget-container\">\n\t\t\t\t\t<h2 class=\"elementor-heading-title elementor-size-default\">Une suggestion ?<\/h2>\t\t\t\t<\/div>\n\t\t\t\t<\/div>\n\t\t\t\t<div class=\"elementor-element elementor-element-8b67837 elementor-widget__width-initial elementor-widget elementor-widget-text-editor\" data-id=\"8b67837\" data-element_type=\"widget\" data-e-type=\"widget\" data-widget_type=\"text-editor.default\">\n\t\t\t\t<div class=\"elementor-widget-container\">\n\t\t\t\t\t\t\t\t\t<p>Si vous avez des suggestions ou des commentaires pour am\u00e9liorer cette veille sp\u00e9ciale IA g\u00e9n\u00e9rative, ou si vous souhaitez partager un article, un outil ou une conf\u00e9rence avec notre communaut\u00e9, n&rsquo;h\u00e9sitez pas \u00e0 nous les partager dans les commentaires ou \u00e0 nous contacter directement \ud83d\ude0a.\u00a0<\/p>\t\t\t\t\t\t\t\t<\/div>\n\t\t\t\t<\/div>\n\t\t\t\t<\/div>\n\t\t\t\t\t<\/div>\n\t\t\t\t<\/div>\n\t\t\t\t<\/div>\n\t\t","protected":false},"excerpt":{"rendered":"<p>Nous vous proposons des articles et des ressources d&rsquo;actualit\u00e9 du paysage en constante \u00e9volution des IA g\u00e9n\u00e9ratives.\u202f <\/p>\n","protected":false},"author":1,"featured_media":11108,"comment_status":"open","ping_status":"closed","sticky":false,"template":"","format":"standard","meta":{"_monsterinsights_skip_tracking":false,"_monsterinsights_sitenote_active":false,"_monsterinsights_sitenote_note":"","_monsterinsights_sitenote_category":0,"ocean_post_layout":"","ocean_both_sidebars_style":"","ocean_both_sidebars_content_width":0,"ocean_both_sidebars_sidebars_width":0,"ocean_sidebar":"","ocean_second_sidebar":"","ocean_disable_margins":"enable","ocean_add_body_class":"","ocean_shortcode_before_top_bar":"","ocean_shortcode_after_top_bar":"","ocean_shortcode_before_header":"","ocean_shortcode_after_header":"","ocean_has_shortcode":"","ocean_shortcode_after_title":"","ocean_shortcode_before_footer_widgets":"","ocean_shortcode_after_footer_widgets":"","ocean_shortcode_before_footer_bottom":"","ocean_shortcode_after_footer_bottom":"","ocean_display_top_bar":"default","ocean_display_header":"default","ocean_header_style":"","ocean_center_header_left_menu":"","ocean_custom_header_template":"","ocean_custom_logo":0,"ocean_custom_retina_logo":0,"ocean_custom_logo_max_width":0,"ocean_custom_logo_tablet_max_width":0,"ocean_custom_logo_mobile_max_width":0,"ocean_custom_logo_max_height":0,"ocean_custom_logo_tablet_max_height":0,"ocean_custom_logo_mobile_max_height":0,"ocean_header_custom_menu":"","ocean_menu_typo_font_family":"","ocean_menu_typo_font_subset":"","ocean_menu_typo_font_size":0,"ocean_menu_typo_font_size_tablet":0,"ocean_menu_typo_font_size_mobile":0,"ocean_menu_typo_font_size_unit":"px","ocean_menu_typo_font_weight":"","ocean_menu_typo_font_weight_tablet":"","ocean_menu_typo_font_weight_mobile":"","ocean_menu_typo_transform":"","ocean_menu_typo_transform_tablet":"","ocean_menu_typo_transform_mobile":"","ocean_menu_typo_line_height":0,"ocean_menu_typo_line_height_tablet":0,"ocean_menu_typo_line_height_mobile":0,"ocean_menu_typo_line_height_unit":"","ocean_menu_typo_spacing":0,"ocean_menu_typo_spacing_tablet":0,"ocean_menu_typo_spacing_mobile":0,"ocean_menu_typo_spacing_unit":"","ocean_menu_link_color":"","ocean_menu_link_color_hover":"","ocean_menu_link_color_active":"","ocean_menu_link_background":"","ocean_menu_link_hover_background":"","ocean_menu_link_active_background":"","ocean_menu_social_links_bg":"","ocean_menu_social_hover_links_bg":"","ocean_menu_social_links_color":"","ocean_menu_social_hover_links_color":"","ocean_disable_title":"default","ocean_disable_heading":"default","ocean_post_title":"","ocean_post_subheading":"","ocean_post_title_style":"","ocean_post_title_background_color":"","ocean_post_title_background":0,"ocean_post_title_bg_image_position":"","ocean_post_title_bg_image_attachment":"","ocean_post_title_bg_image_repeat":"","ocean_post_title_bg_image_size":"","ocean_post_title_height":0,"ocean_post_title_bg_overlay":0.5,"ocean_post_title_bg_overlay_color":"","ocean_disable_breadcrumbs":"default","ocean_breadcrumbs_color":"","ocean_breadcrumbs_separator_color":"","ocean_breadcrumbs_links_color":"","ocean_breadcrumbs_links_hover_color":"","ocean_display_footer_widgets":"default","ocean_display_footer_bottom":"default","ocean_custom_footer_template":"","_themeisle_gutenberg_block_has_review":false,"ocean_post_oembed":"","ocean_post_self_hosted_media":"","ocean_post_video_embed":"","ocean_link_format":"","ocean_link_format_target":"self","ocean_quote_format":"","ocean_quote_format_link":"post","ocean_gallery_link_images":"on","ocean_gallery_id":[],"footnotes":""},"categories":[453],"tags":[214,455,177,26,359,30,262,120],"class_list":["post-13298","post","type-post","status-publish","format-standard","has-post-thumbnail","hentry","category-veille-ia","tag-apprentissage","tag-articles","tag-enseignement","tag-formation","tag-intelligence-artificielle","tag-pedagogie","tag-pratique-pedagogique","tag-ressources-numeriques","entry","has-media"],"_links":{"self":[{"href":"https:\/\/www.chezlestices.fr\/CapTice\/wp-json\/wp\/v2\/posts\/13298","targetHints":{"allow":["GET"]}}],"collection":[{"href":"https:\/\/www.chezlestices.fr\/CapTice\/wp-json\/wp\/v2\/posts"}],"about":[{"href":"https:\/\/www.chezlestices.fr\/CapTice\/wp-json\/wp\/v2\/types\/post"}],"author":[{"embeddable":true,"href":"https:\/\/www.chezlestices.fr\/CapTice\/wp-json\/wp\/v2\/users\/1"}],"replies":[{"embeddable":true,"href":"https:\/\/www.chezlestices.fr\/CapTice\/wp-json\/wp\/v2\/comments?post=13298"}],"version-history":[{"count":25,"href":"https:\/\/www.chezlestices.fr\/CapTice\/wp-json\/wp\/v2\/posts\/13298\/revisions"}],"predecessor-version":[{"id":13351,"href":"https:\/\/www.chezlestices.fr\/CapTice\/wp-json\/wp\/v2\/posts\/13298\/revisions\/13351"}],"wp:featuredmedia":[{"embeddable":true,"href":"https:\/\/www.chezlestices.fr\/CapTice\/wp-json\/wp\/v2\/media\/11108"}],"wp:attachment":[{"href":"https:\/\/www.chezlestices.fr\/CapTice\/wp-json\/wp\/v2\/media?parent=13298"}],"wp:term":[{"taxonomy":"category","embeddable":true,"href":"https:\/\/www.chezlestices.fr\/CapTice\/wp-json\/wp\/v2\/categories?post=13298"},{"taxonomy":"post_tag","embeddable":true,"href":"https:\/\/www.chezlestices.fr\/CapTice\/wp-json\/wp\/v2\/tags?post=13298"}],"curies":[{"name":"wp","href":"https:\/\/api.w.org\/{rel}","templated":true}]}}