{"id":10222,"date":"2024-06-19T09:45:24","date_gmt":"2024-06-19T09:45:24","guid":{"rendered":"https:\/\/www.chezlestices.fr\/CapTice\/?p=10222"},"modified":"2024-09-16T14:47:08","modified_gmt":"2024-09-16T14:47:08","slug":"assises-de-la-formation-2024","status":"publish","type":"post","link":"https:\/\/www.chezlestices.fr\/CapTice\/assises-de-la-formation-2024\/","title":{"rendered":"Assises de la formation 2024"},"content":{"rendered":"\t\t<div data-elementor-type=\"wp-post\" data-elementor-id=\"10222\" class=\"elementor elementor-10222\">\n\t\t\t\t\t\t<section class=\"elementor-section elementor-top-section elementor-element elementor-element-63556bb elementor-section-boxed elementor-section-height-default elementor-section-height-default wpr-particle-no wpr-jarallax-no wpr-parallax-no wpr-sticky-section-no wpr-equal-height-no\" data-id=\"63556bb\" data-element_type=\"section\" data-e-type=\"section\">\n\t\t\t\t\t\t<div class=\"elementor-container elementor-column-gap-default\">\n\t\t\t\t\t<div class=\"elementor-column elementor-col-100 elementor-top-column elementor-element elementor-element-b68b52e\" data-id=\"b68b52e\" data-element_type=\"column\" data-e-type=\"column\">\n\t\t\t<div class=\"elementor-widget-wrap elementor-element-populated\">\n\t\t\t\t\t\t<div class=\"elementor-element elementor-element-5ddd83c elementor-widget__width-initial elementor-widget elementor-widget-text-editor\" data-id=\"5ddd83c\" data-element_type=\"widget\" data-e-type=\"widget\" data-widget_type=\"text-editor.default\">\n\t\t\t\t<div class=\"elementor-widget-container\">\n\t\t\t\t\t\t\t\t\t<p>Les <strong>Assises de la formation<\/strong> consacr\u00e9es \u00e0 l&rsquo;<strong>IA g\u00e9n\u00e9rative<\/strong> se sont d\u00e9roul\u00e9es de mani\u00e8re fluide et enrichissante, offrant aux participant\u22c5es une immersion compl\u00e8te dans le monde de l&rsquo;intelligence artificielle. Voici un r\u00e9sum\u00e9 des principaux moments de cette journ\u00e9e.<\/p>\t\t\t\t\t\t\t\t<\/div>\n\t\t\t\t<\/div>\n\t\t\t\t\t<\/div>\n\t\t<\/div>\n\t\t\t\t\t<\/div>\n\t\t<\/section>\n\t\t\t\t<section class=\"elementor-section elementor-top-section elementor-element elementor-element-c49fcc5 elementor-section-boxed elementor-section-height-default elementor-section-height-default wpr-particle-no wpr-jarallax-no wpr-parallax-no wpr-sticky-section-no wpr-equal-height-no\" data-id=\"c49fcc5\" data-element_type=\"section\" data-e-type=\"section\">\n\t\t\t\t\t\t<div class=\"elementor-container elementor-column-gap-default\">\n\t\t\t\t\t<div class=\"elementor-column elementor-col-50 elementor-top-column elementor-element elementor-element-d16e0cc\" data-id=\"d16e0cc\" data-element_type=\"column\" data-e-type=\"column\">\n\t\t\t<div class=\"elementor-widget-wrap elementor-element-populated\">\n\t\t\t\t\t\t<div class=\"elementor-element elementor-element-d2ae5d3 elementor-widget elementor-widget-spacer\" data-id=\"d2ae5d3\" data-element_type=\"widget\" data-e-type=\"widget\" data-widget_type=\"spacer.default\">\n\t\t\t\t<div class=\"elementor-widget-container\">\n\t\t\t\t\t\t\t<div class=\"elementor-spacer\">\n\t\t\t<div class=\"elementor-spacer-inner\"><\/div>\n\t\t<\/div>\n\t\t\t\t\t\t<\/div>\n\t\t\t\t<\/div>\n\t\t\t\t<div class=\"elementor-element elementor-element-1824b92 elementor-widget elementor-widget-image\" data-id=\"1824b92\" data-element_type=\"widget\" data-e-type=\"widget\" data-widget_type=\"image.default\">\n\t\t\t\t<div class=\"elementor-widget-container\">\n\t\t\t\t\t\t\t\t\t\t\t\t<figure class=\"wp-caption\">\n\t\t\t\t\t\t\t\t\t\t<img fetchpriority=\"high\" decoding=\"async\" width=\"768\" height=\"1024\" src=\"https:\/\/www.chezlestices.fr\/CapTice\/wp-content\/uploads\/2024\/06\/IMG_0001-768x1024.jpg\" class=\"attachment-large size-large wp-image-10226\" alt=\"Mot d&#039;accueil\" srcset=\"https:\/\/www.chezlestices.fr\/CapTice\/wp-content\/uploads\/2024\/06\/IMG_0001-768x1024.jpg 768w, https:\/\/www.chezlestices.fr\/CapTice\/wp-content\/uploads\/2024\/06\/IMG_0001-225x300.jpg 225w, https:\/\/www.chezlestices.fr\/CapTice\/wp-content\/uploads\/2024\/06\/IMG_0001-1152x1536.jpg 1152w, https:\/\/www.chezlestices.fr\/CapTice\/wp-content\/uploads\/2024\/06\/IMG_0001-1536x2048.jpg 1536w, https:\/\/www.chezlestices.fr\/CapTice\/wp-content\/uploads\/2024\/06\/IMG_0001-scaled.jpg 1920w\" sizes=\"(max-width: 768px) 100vw, 768px\" \/>\t\t\t\t\t\t\t\t\t\t\t<figcaption class=\"widget-image-caption wp-caption-text\">Mot d'accueil <\/figcaption>\n\t\t\t\t\t\t\t\t\t\t<\/figure>\n\t\t\t\t\t\t\t\t\t<\/div>\n\t\t\t\t<\/div>\n\t\t\t\t\t<\/div>\n\t\t<\/div>\n\t\t\t\t<div class=\"elementor-column elementor-col-50 elementor-top-column elementor-element elementor-element-7dd8c5e\" data-id=\"7dd8c5e\" data-element_type=\"column\" data-e-type=\"column\">\n\t\t\t<div class=\"elementor-widget-wrap elementor-element-populated\">\n\t\t\t\t\t\t<div class=\"elementor-element elementor-element-5759057 elementor-widget elementor-widget-heading\" data-id=\"5759057\" data-element_type=\"widget\" data-e-type=\"widget\" data-widget_type=\"heading.default\">\n\t\t\t\t<div class=\"elementor-widget-container\">\n\t\t\t\t\t<h2 class=\"elementor-heading-title elementor-size-default\">Accueil et Introduction<\/h2>\t\t\t\t<\/div>\n\t\t\t\t<\/div>\n\t\t\t\t<div class=\"elementor-element elementor-element-38d58b9 elementor-widget elementor-widget-text-editor\" data-id=\"38d58b9\" data-element_type=\"widget\" data-e-type=\"widget\" data-widget_type=\"text-editor.default\">\n\t\t\t\t<div class=\"elementor-widget-container\">\n\t\t\t\t\t\t\t\t\t<p>La journ\u00e9e a commenc\u00e9 par un accueil caf\u00e9, permettant aux participant\u22c5es de se rencontrer et de discuter de leurs attentes et de leurs exp\u00e9riences. <strong>St\u00e9phane Fournier, <\/strong>responsable de la formation, a par la suite ouvert les d\u00e9bats avec un mot d&rsquo;accueil chaleureux, soulignant l&rsquo;importance de la journ\u00e9e et les objectifs poursuivis.<\/p>\t\t\t\t\t\t\t\t<\/div>\n\t\t\t\t<\/div>\n\t\t\t\t<div class=\"elementor-element elementor-element-1ebe6fe elementor-widget elementor-widget-heading\" data-id=\"1ebe6fe\" data-element_type=\"widget\" data-e-type=\"widget\" data-widget_type=\"heading.default\">\n\t\t\t\t<div class=\"elementor-widget-container\">\n\t\t\t\t\t<h2 class=\"elementor-heading-title elementor-size-default\">Sessions Matinales<\/h2>\t\t\t\t<\/div>\n\t\t\t\t<\/div>\n\t\t\t\t<div class=\"elementor-element elementor-element-ecc2943 elementor-widget elementor-widget-text-editor\" data-id=\"ecc2943\" data-element_type=\"widget\" data-e-type=\"widget\" data-widget_type=\"text-editor.default\">\n\t\t\t\t<div class=\"elementor-widget-container\">\n\t\t\t\t\t\t\t\t\t<p>Une activit\u00e9 interactive via Wooclap a permis de briser la glace en abordant<strong> les id\u00e9es re\u00e7ues sur l&rsquo;IA g\u00e9n\u00e9rative<\/strong>. Les participant\u22c5es ont pu partager leurs pr\u00e9jug\u00e9s et interrogations, donnant ainsi le ton pour les discussions \u00e0 venir.<\/p><p>Ensuite, la conf\u00e9rence introductive anim\u00e9e par <strong>Jean-Fran\u00e7ois Martin<\/strong> et <strong>Philippe Vismara<\/strong>, a fourni une base solide sur l&rsquo;IA g\u00e9n\u00e9rative. Ils ont explor\u00e9 les principes fondamentaux, les applications actuelles et les perspectives futures de cette technologie.\u00a0Une table ronde a suivi, offrant aux participant\u22c5es l&rsquo;opportunit\u00e9 de poser des questions et d&rsquo;approfondir certains aspects abord\u00e9s durant la conf\u00e9rence.\u00a0<\/p>\t\t\t\t\t\t\t\t<\/div>\n\t\t\t\t<\/div>\n\t\t\t\t\t<\/div>\n\t\t<\/div>\n\t\t\t\t\t<\/div>\n\t\t<\/section>\n\t\t<div class=\"elementor-element elementor-element-7c62b05 e-flex e-con-boxed wpr-particle-no wpr-jarallax-no wpr-parallax-no wpr-sticky-section-no wpr-equal-height-no e-con e-parent\" data-id=\"7c62b05\" data-element_type=\"container\" data-e-type=\"container\">\n\t\t\t\t\t<div class=\"e-con-inner\">\n\t\t<div class=\"elementor-element elementor-element-6a6e0cf e-con-full e-flex wpr-particle-no wpr-jarallax-no wpr-parallax-no wpr-sticky-section-no wpr-equal-height-no e-con e-child\" data-id=\"6a6e0cf\" data-element_type=\"container\" data-e-type=\"container\">\n\t\t\t\t<div class=\"elementor-element elementor-element-6938f50 elementor-widget elementor-widget-text-editor\" data-id=\"6938f50\" data-element_type=\"widget\" data-e-type=\"widget\" data-widget_type=\"text-editor.default\">\n\t\t\t\t<div class=\"elementor-widget-container\">\n\t\t\t\t\t\t\t\t\t<p>Une activit\u00e9 interactive via Wooclap a permis de briser la glace en abordant<strong> les id\u00e9es re\u00e7ues sur l&rsquo;IA g\u00e9n\u00e9rative<\/strong>. Les participant\u22c5es ont pu partager leurs pr\u00e9jug\u00e9s et interrogations, donnant ainsi le ton pour les discussions \u00e0 venir.<\/p><p>Ensuite, la conf\u00e9rence introductive anim\u00e9e par <strong>Jean-Fran\u00e7ois Martin<\/strong> et <strong>Philippe Vismara<\/strong>, a fourni une base solide sur l&rsquo;IA g\u00e9n\u00e9rative. Ils ont explor\u00e9 les principes fondamentaux, les applications actuelles et les perspectives futures de cette technologie.\u00a0Une table ronde a suivi, offrant aux participant\u22c5es l&rsquo;opportunit\u00e9 de poser des questions et d&rsquo;approfondir certains aspects abord\u00e9s durant la conf\u00e9rence.\u00a0<\/p><p>Apr\u00e8s une pause caf\u00e9 bien m\u00e9rit\u00e9e, nous avons continu\u00e9 avec des <strong>retours d&rsquo;exp\u00e9rience<\/strong>. Des enseignant\u22c5es ont partag\u00e9 leurs t\u00e9moignages par th\u00e9matiques. Ces r\u00e9cits ont illustr\u00e9 <strong>les d\u00e9fis et les r\u00e9ussites rencontr\u00e9s dans l&rsquo;int\u00e9gration de l&rsquo;IA g\u00e9n\u00e9rative<\/strong> dans divers contextes \u00e9ducatifs.<\/p><p>Nous avons finalis\u00e9 la matin\u00e9e avec l&rsquo;organisation d&rsquo;une\u00a0s\u00e9ance collective d&rsquo;<strong>initiation aux prompts de ChatGPT-4 Plus<\/strong>. Ceux et celles ayant d\u00e9j\u00e0 une certaine ma\u00eetrise de l&rsquo;outil ont aid\u00e9 leurs voisin\u22c5es, favorisant ainsi une ambiance collaborative et d&rsquo;apprentissage mutuel.<\/p>\t\t\t\t\t\t\t\t<\/div>\n\t\t\t\t<\/div>\n\t\t\t\t<\/div>\n\t\t\t\t\t<\/div>\n\t\t\t\t<\/div>\n\t\t\t\t<section class=\"elementor-section elementor-top-section elementor-element elementor-element-9120b5d elementor-section-boxed elementor-section-height-default elementor-section-height-default wpr-particle-no wpr-jarallax-no wpr-parallax-no wpr-sticky-section-no wpr-equal-height-no\" data-id=\"9120b5d\" data-element_type=\"section\" data-e-type=\"section\">\n\t\t\t\t\t\t<div class=\"elementor-container elementor-column-gap-default\">\n\t\t\t\t\t<div class=\"elementor-column elementor-col-50 elementor-top-column elementor-element elementor-element-db0e18a\" data-id=\"db0e18a\" data-element_type=\"column\" data-e-type=\"column\">\n\t\t\t<div class=\"elementor-widget-wrap elementor-element-populated\">\n\t\t\t\t\t\t<div class=\"elementor-element elementor-element-8ef4094 elementor-widget elementor-widget-heading\" data-id=\"8ef4094\" data-element_type=\"widget\" data-e-type=\"widget\" data-widget_type=\"heading.default\">\n\t\t\t\t<div class=\"elementor-widget-container\">\n\t\t\t\t\t<h2 class=\"elementor-heading-title elementor-size-default\">Ateliers de l'Apr\u00e8s-midi<\/h2>\t\t\t\t<\/div>\n\t\t\t\t<\/div>\n\t\t\t\t<div class=\"elementor-element elementor-element-c233e62 elementor-widget elementor-widget-text-editor\" data-id=\"c233e62\" data-element_type=\"widget\" data-e-type=\"widget\" data-widget_type=\"text-editor.default\">\n\t\t\t\t<div class=\"elementor-widget-container\">\n\t\t\t\t\t\t\t\t\t<p>L&rsquo;apr\u00e8s-midi a \u00e9t\u00e9 marqu\u00e9 par <strong>deux ateliers<\/strong> r\u00e9p\u00e9t\u00e9s, chacun abordant des questions cl\u00e9s autour de l&rsquo;IA g\u00e9n\u00e9rative :<\/p><ol><li><p>L&rsquo;IA g\u00e9n\u00e9rative pour la formation et l&rsquo;apprentissage<\/p><\/li><li>L&rsquo;IA g\u00e9n\u00e9rative et les \u00e9valuations<\/li><\/ol><p>Les participant\u22c5es ont d\u00e9battu des implications de l&rsquo;IA dans les processus d&rsquo;\u00e9valuation, discutant des avantages et des d\u00e9fis associ\u00e9s.\u00a0<\/p>\t\t\t\t\t\t\t\t<\/div>\n\t\t\t\t<\/div>\n\t\t\t\t\t<\/div>\n\t\t<\/div>\n\t\t\t\t<div class=\"elementor-column elementor-col-50 elementor-top-column elementor-element elementor-element-a209ea1\" data-id=\"a209ea1\" data-element_type=\"column\" data-e-type=\"column\">\n\t\t\t<div class=\"elementor-widget-wrap elementor-element-populated\">\n\t\t\t\t\t\t<div class=\"elementor-element elementor-element-c5e4d4e elementor-widget elementor-widget-image\" data-id=\"c5e4d4e\" data-element_type=\"widget\" data-e-type=\"widget\" data-widget_type=\"image.default\">\n\t\t\t\t<div class=\"elementor-widget-container\">\n\t\t\t\t\t\t\t\t\t\t\t\t<figure class=\"wp-caption\">\n\t\t\t\t\t\t\t\t\t\t<img decoding=\"async\" width=\"600\" height=\"450\" src=\"https:\/\/www.chezlestices.fr\/CapTice\/wp-content\/uploads\/2024\/06\/Assises-2024.jpg\" class=\"attachment-large size-large wp-image-10227\" alt=\"Conf\u00e9rence d&#039;introduction Assises 2024\" srcset=\"https:\/\/www.chezlestices.fr\/CapTice\/wp-content\/uploads\/2024\/06\/Assises-2024.jpg 600w, https:\/\/www.chezlestices.fr\/CapTice\/wp-content\/uploads\/2024\/06\/Assises-2024-300x225.jpg 300w\" sizes=\"(max-width: 600px) 100vw, 600px\" \/>\t\t\t\t\t\t\t\t\t\t\t<figcaption class=\"widget-image-caption wp-caption-text\">Conf\u00e9rence introductive<\/figcaption>\n\t\t\t\t\t\t\t\t\t\t<\/figure>\n\t\t\t\t\t\t\t\t\t<\/div>\n\t\t\t\t<\/div>\n\t\t\t\t\t<\/div>\n\t\t<\/div>\n\t\t\t\t\t<\/div>\n\t\t<\/section>\n\t\t\t\t<section class=\"elementor-section elementor-top-section elementor-element elementor-element-1c5f781 elementor-section-boxed elementor-section-height-default elementor-section-height-default wpr-particle-no wpr-jarallax-no wpr-parallax-no wpr-sticky-section-no wpr-equal-height-no\" data-id=\"1c5f781\" data-element_type=\"section\" data-e-type=\"section\">\n\t\t\t\t\t\t<div class=\"elementor-container elementor-column-gap-default\">\n\t\t\t\t\t<div class=\"elementor-column elementor-col-100 elementor-top-column elementor-element elementor-element-62f29e6\" data-id=\"62f29e6\" data-element_type=\"column\" data-e-type=\"column\">\n\t\t\t<div class=\"elementor-widget-wrap elementor-element-populated\">\n\t\t\t\t\t\t<div class=\"elementor-element elementor-element-39c0f79 elementor-widget elementor-widget-heading\" data-id=\"39c0f79\" data-element_type=\"widget\" data-e-type=\"widget\" data-widget_type=\"heading.default\">\n\t\t\t\t<div class=\"elementor-widget-container\">\n\t\t\t\t\t<h3 class=\"elementor-heading-title elementor-size-default\">Atelier 1 IA g\u00e9n\u00e9rative et formation<\/h3>\t\t\t\t<\/div>\n\t\t\t\t<\/div>\n\t\t\t\t<div class=\"elementor-element elementor-element-c90c09c elementor-widget elementor-widget-text-editor\" data-id=\"c90c09c\" data-element_type=\"widget\" data-e-type=\"widget\" data-widget_type=\"text-editor.default\">\n\t\t\t\t<div class=\"elementor-widget-container\">\n\t\t\t\t\t\t\t\t\t<p>L&rsquo;atelier s&rsquo;est concentr\u00e9 sur deux axes principaux :<\/p><ul><li><strong>lutter<\/strong> contre divers probl\u00e8mes<\/li><li>et <strong>promouvoir<\/strong> des pratiques b\u00e9n\u00e9fiques en mati\u00e8re de formation et d&rsquo;IA.<\/li><\/ul><p>Il s&rsquo;agit notamment de renforcer l&rsquo;esprit critique, la motivation, le raisonnement logique, et les comp\u00e9tences r\u00e9dactionnelles des \u00e9tudiant\u22c5es, tout en favorisant les interactions humaines et la cr\u00e9ativit\u00e9. L&rsquo;accent a \u00e9galement \u00e9t\u00e9 mis sur la collaboration entre enseignant\u22c5es et l&rsquo;utilisation appropri\u00e9e de l&rsquo;IA comme outil pr\u00e9dictif et d&rsquo;apprentissage. Parall\u00e8lement, l&rsquo;atelier a encourag\u00e9 la r\u00e9duction de la charge cognitive, la valorisation des \u00e9tudiant\u22c5es, l&rsquo;interdisciplinarit\u00e9, et l&rsquo;attention \u00e0 l&rsquo;impact environnemental. L&rsquo;utilisation \u00e9thique et efficace de l&rsquo;IA a \u00e9t\u00e9 soulign\u00e9e, avec des objectifs clairs pour son int\u00e9gration et l&rsquo;analyse des pratiques p\u00e9dagogiques pour am\u00e9liorer continuellement les m\u00e9thodes d&rsquo;enseignement.<\/p>\t\t\t\t\t\t\t\t<\/div>\n\t\t\t\t<\/div>\n\t\t\t\t<div class=\"elementor-element elementor-element-be1fb1f elementor-widget elementor-widget-heading\" data-id=\"be1fb1f\" data-element_type=\"widget\" data-e-type=\"widget\" data-widget_type=\"heading.default\">\n\t\t\t\t<div class=\"elementor-widget-container\">\n\t\t\t\t\t<h3 class=\"elementor-heading-title elementor-size-default\">Atelier 2 IA g\u00e9n\u00e9rative et \u00e9valuation<\/h3>\t\t\t\t<\/div>\n\t\t\t\t<\/div>\n\t\t\t\t<div class=\"elementor-element elementor-element-62bcd47 elementor-widget elementor-widget-text-editor\" data-id=\"62bcd47\" data-element_type=\"widget\" data-e-type=\"widget\" data-widget_type=\"text-editor.default\">\n\t\t\t\t<div class=\"elementor-widget-container\">\n\t\t\t\t\t\t\t\t\t<p>L&rsquo;atelier 2 sur l&rsquo;IA et l&rsquo;\u00e9valuation a mis en lumi\u00e8re des strat\u00e9gies pour :<\/p><ul><li><strong>lutter<\/strong> contre divers d\u00e9fis<\/li><li>et <strong>promouvoir<\/strong> des pratiques b\u00e9n\u00e9fiques.<\/li><\/ul><p>Il s&rsquo;agit de cr\u00e9er des r\u00e9ponses fausses pertinentes, d&rsquo;int\u00e9grer l&rsquo;interdisciplinarit\u00e9 et de mesurer la compr\u00e9hension globale des sujets, tout en luttant contre le plagiat et en maintenant le contr\u00f4le des enseignant\u22c5es sur les \u00e9valuations faites par l&rsquo;IA. L&rsquo;accent a \u00e9t\u00e9 mis sur l&rsquo;\u00e9quit\u00e9 des \u00e9valuations et la r\u00e9duction des disparit\u00e9s entre les \u00e9tudiant\u22c5es. L&rsquo;atelier a \u00e9galement soulign\u00e9 l&rsquo;importance de l&rsquo;IA pour personnaliser les quiz, adapter le niveau des t\u00e2ches, et automatiser les t\u00e2ches r\u00e9p\u00e9titives pour les enseignant\u22c5es. Il a \u00e9t\u00e9 encourag\u00e9 l&rsquo;\u00e9valuation des comp\u00e9tences num\u00e9riques et des soft skills, la valorisation de l&rsquo;esprit critique, et l&rsquo;acc\u00e8s \u00e0 une grande base de connaissances. Des formations sur l&rsquo;IA pour enseignant\u22c5es et \u00e9tudiant\u22c5es, la cr\u00e9ation de groupes de travail th\u00e9matiques, et l&rsquo;utilisation d&rsquo;agents conversationnels ont \u00e9t\u00e9 recommand\u00e9es. Enfin, l&rsquo;accent a \u00e9t\u00e9 mis sur la sensibilisation au sourcing, l&rsquo;\u00e9valuation inclusive avec et sans IA, et la fourniture de feedbacks personnalis\u00e9s aux \u00e9tudiant\u22c5es.<\/p>\t\t\t\t\t\t\t\t<\/div>\n\t\t\t\t<\/div>\n\t\t\t\t\t<\/div>\n\t\t<\/div>\n\t\t\t\t\t<\/div>\n\t\t<\/section>\n\t\t\t\t<section class=\"elementor-section elementor-top-section elementor-element elementor-element-73699e1 elementor-section-boxed elementor-section-height-default elementor-section-height-default wpr-particle-no wpr-jarallax-no wpr-parallax-no wpr-sticky-section-no wpr-equal-height-no\" data-id=\"73699e1\" data-element_type=\"section\" data-e-type=\"section\">\n\t\t\t\t\t\t<div class=\"elementor-container elementor-column-gap-default\">\n\t\t\t\t\t<div class=\"elementor-column elementor-col-100 elementor-top-column elementor-element elementor-element-1c1f645\" data-id=\"1c1f645\" data-element_type=\"column\" data-e-type=\"column\">\n\t\t\t<div class=\"elementor-widget-wrap elementor-element-populated\">\n\t\t\t\t\t\t<div class=\"elementor-element elementor-element-d3bc8e4 elementor-widget elementor-widget-heading\" data-id=\"d3bc8e4\" data-element_type=\"widget\" data-e-type=\"widget\" data-widget_type=\"heading.default\">\n\t\t\t\t<div class=\"elementor-widget-container\">\n\t\t\t\t\t<h2 class=\"elementor-heading-title elementor-size-default\">Conclusion de la journ\u00e9e<\/h2>\t\t\t\t<\/div>\n\t\t\t\t<\/div>\n\t\t\t\t<div class=\"elementor-element elementor-element-1939122 elementor-widget elementor-widget-text-editor\" data-id=\"1939122\" data-element_type=\"widget\" data-e-type=\"widget\" data-widget_type=\"text-editor.default\">\n\t\t\t\t<div class=\"elementor-widget-container\">\n\t\t\t\t\t\t\t\t\t<p>La journ\u00e9e s&rsquo;est termin\u00e9e par une session de bilan et de discussion. Les participant\u22c5es ont partag\u00e9 leurs r\u00e9flexions sur les ateliers et les pr\u00e9sentations, discut\u00e9 des id\u00e9es re\u00e7ues qui avaient \u00e9t\u00e9 confront\u00e9es, et envisag\u00e9 les prochaines \u00e9tapes pour int\u00e9grer l&rsquo;IA g\u00e9n\u00e9rative dans leurs pratiques professionnelles.<\/p><p>Cette journ\u00e9e a offert \u00e0 chacun\u22c5e des participant\u22c5es des outils, des id\u00e9es et des contacts pr\u00e9cieux pour continuer \u00e0 explorer et \u00e0 exploiter le potentiel de l&rsquo;IA g\u00e9n\u00e9rative dans leurs domaines respectifs.<\/p><p>A l&rsquo;ann\u00e9e prochaine \ud83d\ude0a<\/p>\t\t\t\t\t\t\t\t<\/div>\n\t\t\t\t<\/div>\n\t\t\t\t<div class=\"elementor-element elementor-element-7392048 elementor-widget elementor-widget-text-editor\" data-id=\"7392048\" data-element_type=\"widget\" data-e-type=\"widget\" data-widget_type=\"text-editor.default\">\n\t\t\t\t<div class=\"elementor-widget-container\">\n\t\t\t\t\t\t\t\t\t<p><strong>Cet article a \u00e9t\u00e9 g\u00e9n\u00e9r\u00e9 par Chat GPT 4 en donnant comme prompt le programme de la journ\u00e9e et le bilan des ateliers<\/strong><\/p>\t\t\t\t\t\t\t\t<\/div>\n\t\t\t\t<\/div>\n\t\t\t\t<div class=\"elementor-element elementor-element-289a200 elementor-widget elementor-widget-spacer\" data-id=\"289a200\" data-element_type=\"widget\" data-e-type=\"widget\" data-widget_type=\"spacer.default\">\n\t\t\t\t<div class=\"elementor-widget-container\">\n\t\t\t\t\t\t\t<div class=\"elementor-spacer\">\n\t\t\t<div class=\"elementor-spacer-inner\"><\/div>\n\t\t<\/div>\n\t\t\t\t\t\t<\/div>\n\t\t\t\t<\/div>\n\t\t\t\t\t<\/div>\n\t\t<\/div>\n\t\t\t\t\t<\/div>\n\t\t<\/section>\n\t\t\t\t<section class=\"elementor-section elementor-top-section elementor-element elementor-element-1a72cc0 elementor-section-boxed elementor-section-height-default elementor-section-height-default wpr-particle-no wpr-jarallax-no wpr-parallax-no wpr-sticky-section-no wpr-equal-height-no\" data-id=\"1a72cc0\" data-element_type=\"section\" data-e-type=\"section\">\n\t\t\t\t\t\t<div class=\"elementor-container elementor-column-gap-default\">\n\t\t\t\t\t<div class=\"elementor-column elementor-col-100 elementor-top-column elementor-element elementor-element-aaa8d4c\" data-id=\"aaa8d4c\" data-element_type=\"column\" data-e-type=\"column\">\n\t\t\t<div class=\"elementor-widget-wrap elementor-element-populated\">\n\t\t\t\t\t\t<div class=\"elementor-element elementor-element-3ab117d elementor-widget elementor-widget-heading\" data-id=\"3ab117d\" data-element_type=\"widget\" data-e-type=\"widget\" data-widget_type=\"heading.default\">\n\t\t\t\t<div class=\"elementor-widget-container\">\n\t\t\t\t\t<h2 class=\"elementor-heading-title elementor-size-default\">Sketchnote de la journ\u00e9e<\/h2>\t\t\t\t<\/div>\n\t\t\t\t<\/div>\n\t\t\t\t<div class=\"elementor-element elementor-element-357a9dc elementor-widget elementor-widget-image\" data-id=\"357a9dc\" data-element_type=\"widget\" data-e-type=\"widget\" data-widget_type=\"image.default\">\n\t\t\t\t<div class=\"elementor-widget-container\">\n\t\t\t\t\t\t\t\t\t\t\t\t\t\t\t<img decoding=\"async\" width=\"1024\" height=\"724\" src=\"https:\/\/www.chezlestices.fr\/CapTice\/wp-content\/uploads\/2024\/06\/Sketchnote-Assises-2024-1024x724.jpg\" class=\"attachment-large size-large wp-image-10228\" alt=\"R\u00e9sum\u00e9 en format Sketchnote de la journ\u00e9e des Assises 2024\" srcset=\"https:\/\/www.chezlestices.fr\/CapTice\/wp-content\/uploads\/2024\/06\/Sketchnote-Assises-2024-1024x724.jpg 1024w, https:\/\/www.chezlestices.fr\/CapTice\/wp-content\/uploads\/2024\/06\/Sketchnote-Assises-2024-300x212.jpg 300w, https:\/\/www.chezlestices.fr\/CapTice\/wp-content\/uploads\/2024\/06\/Sketchnote-Assises-2024-768x543.jpg 768w, https:\/\/www.chezlestices.fr\/CapTice\/wp-content\/uploads\/2024\/06\/Sketchnote-Assises-2024.jpg 1200w\" sizes=\"(max-width: 1024px) 100vw, 1024px\" \/>\t\t\t\t\t\t\t\t\t\t\t\t\t\t\t<\/div>\n\t\t\t\t<\/div>\n\t\t\t\t<div class=\"elementor-element elementor-element-791272f elementor-widget elementor-widget-heading\" data-id=\"791272f\" data-element_type=\"widget\" data-e-type=\"widget\" data-widget_type=\"heading.default\">\n\t\t\t\t<div class=\"elementor-widget-container\">\n\t\t\t\t\t<h2 class=\"elementor-heading-title elementor-size-default\">Documents compl\u00e9mentaires<\/h2>\t\t\t\t<\/div>\n\t\t\t\t<\/div>\n\t\t\t\t<div class=\"elementor-element elementor-element-42822fa elementor-widget elementor-widget-text-editor\" data-id=\"42822fa\" data-element_type=\"widget\" data-e-type=\"widget\" data-widget_type=\"text-editor.default\">\n\t\t\t\t<div class=\"elementor-widget-container\">\n\t\t\t\t\t\t\t\t\t<ul>\n \t<li>Pr\u00e9sentation : <a class=\"no-underline\"href=\"https:\/\/nuage.supagro.fr\/s\/sZnbBmDoSq5dNRM\" rel=\"noopener\">Intelligence Artificielle G\u00e9n\u00e9rative<\/a><\/li>\n \t<li>Pr\u00e9sentation : <a class=\"no-underline\" href=\"https:\/\/nuage.supagro.fr\/s\/tXxGxxNctk7RDXt\"rel=\"noopener\">Quels usages pour accompagner les enseignants ?<\/a><\/li>\n<\/ul>\t\t\t\t\t\t\t\t<\/div>\n\t\t\t\t<\/div>\n\t\t\t\t\t<\/div>\n\t\t<\/div>\n\t\t\t\t\t<\/div>\n\t\t<\/section>\n\t\t\t\t<\/div>\n\t\t","protected":false},"excerpt":{"rendered":"<p>Les Assises de la formation consacr\u00e9es \u00e0 l&rsquo;IA g\u00e9n\u00e9rative se sont d\u00e9roul\u00e9es de mani\u00e8re fluide et enrichissante, offrant aux participant\u22c5es une immersion compl\u00e8te dans le monde de l&rsquo;intelligence artificielle. Voici un r\u00e9sum\u00e9 des principaux moments de cette journ\u00e9e.<\/p>\n","protected":false},"author":1,"featured_media":10223,"comment_status":"open","ping_status":"open","sticky":false,"template":"","format":"standard","meta":{"_monsterinsights_skip_tracking":false,"_monsterinsights_sitenote_active":false,"_monsterinsights_sitenote_note":"","_monsterinsights_sitenote_category":0,"ocean_post_layout":"","ocean_both_sidebars_style":"","ocean_both_sidebars_content_width":0,"ocean_both_sidebars_sidebars_width":0,"ocean_sidebar":"","ocean_second_sidebar":"","ocean_disable_margins":"enable","ocean_add_body_class":"","ocean_shortcode_before_top_bar":"","ocean_shortcode_after_top_bar":"","ocean_shortcode_before_header":"","ocean_shortcode_after_header":"","ocean_has_shortcode":"","ocean_shortcode_after_title":"","ocean_shortcode_before_footer_widgets":"","ocean_shortcode_after_footer_widgets":"","ocean_shortcode_before_footer_bottom":"","ocean_shortcode_after_footer_bottom":"","ocean_display_top_bar":"default","ocean_display_header":"default","ocean_header_style":"","ocean_center_header_left_menu":"","ocean_custom_header_template":"","ocean_custom_logo":0,"ocean_custom_retina_logo":0,"ocean_custom_logo_max_width":0,"ocean_custom_logo_tablet_max_width":0,"ocean_custom_logo_mobile_max_width":0,"ocean_custom_logo_max_height":0,"ocean_custom_logo_tablet_max_height":0,"ocean_custom_logo_mobile_max_height":0,"ocean_header_custom_menu":"","ocean_menu_typo_font_family":"","ocean_menu_typo_font_subset":"","ocean_menu_typo_font_size":0,"ocean_menu_typo_font_size_tablet":0,"ocean_menu_typo_font_size_mobile":0,"ocean_menu_typo_font_size_unit":"px","ocean_menu_typo_font_weight":"","ocean_menu_typo_font_weight_tablet":"","ocean_menu_typo_font_weight_mobile":"","ocean_menu_typo_transform":"","ocean_menu_typo_transform_tablet":"","ocean_menu_typo_transform_mobile":"","ocean_menu_typo_line_height":0,"ocean_menu_typo_line_height_tablet":0,"ocean_menu_typo_line_height_mobile":0,"ocean_menu_typo_line_height_unit":"","ocean_menu_typo_spacing":0,"ocean_menu_typo_spacing_tablet":0,"ocean_menu_typo_spacing_mobile":0,"ocean_menu_typo_spacing_unit":"","ocean_menu_link_color":"","ocean_menu_link_color_hover":"","ocean_menu_link_color_active":"","ocean_menu_link_background":"","ocean_menu_link_hover_background":"","ocean_menu_link_active_background":"","ocean_menu_social_links_bg":"","ocean_menu_social_hover_links_bg":"","ocean_menu_social_links_color":"","ocean_menu_social_hover_links_color":"","ocean_disable_title":"default","ocean_disable_heading":"default","ocean_post_title":"","ocean_post_subheading":"","ocean_post_title_style":"","ocean_post_title_background_color":"","ocean_post_title_background":0,"ocean_post_title_bg_image_position":"","ocean_post_title_bg_image_attachment":"","ocean_post_title_bg_image_repeat":"","ocean_post_title_bg_image_size":"","ocean_post_title_height":0,"ocean_post_title_bg_overlay":0.5,"ocean_post_title_bg_overlay_color":"","ocean_disable_breadcrumbs":"default","ocean_breadcrumbs_color":"","ocean_breadcrumbs_separator_color":"","ocean_breadcrumbs_links_color":"","ocean_breadcrumbs_links_hover_color":"","ocean_display_footer_widgets":"default","ocean_display_footer_bottom":"default","ocean_custom_footer_template":"","_themeisle_gutenberg_block_has_review":false,"ocean_post_oembed":"","ocean_post_self_hosted_media":"","ocean_post_video_embed":"","ocean_link_format":"","ocean_link_format_target":"self","ocean_quote_format":"","ocean_quote_format_link":"post","ocean_gallery_link_images":"on","ocean_gallery_id":[],"footnotes":""},"categories":[11,453],"tags":[31,177,212,25,26,359,30,262],"class_list":["post-10222","post","type-post","status-publish","format-standard","has-post-thumbnail","hentry","category-blog","category-veille-ia","tag-ecole","tag-enseignement","tag-espace-pedagogique","tag-evenement","tag-formation","tag-intelligence-artificielle","tag-pedagogie","tag-pratique-pedagogique","entry","has-media"],"_links":{"self":[{"href":"https:\/\/www.chezlestices.fr\/CapTice\/wp-json\/wp\/v2\/posts\/10222","targetHints":{"allow":["GET"]}}],"collection":[{"href":"https:\/\/www.chezlestices.fr\/CapTice\/wp-json\/wp\/v2\/posts"}],"about":[{"href":"https:\/\/www.chezlestices.fr\/CapTice\/wp-json\/wp\/v2\/types\/post"}],"author":[{"embeddable":true,"href":"https:\/\/www.chezlestices.fr\/CapTice\/wp-json\/wp\/v2\/users\/1"}],"replies":[{"embeddable":true,"href":"https:\/\/www.chezlestices.fr\/CapTice\/wp-json\/wp\/v2\/comments?post=10222"}],"version-history":[{"count":23,"href":"https:\/\/www.chezlestices.fr\/CapTice\/wp-json\/wp\/v2\/posts\/10222\/revisions"}],"predecessor-version":[{"id":12952,"href":"https:\/\/www.chezlestices.fr\/CapTice\/wp-json\/wp\/v2\/posts\/10222\/revisions\/12952"}],"wp:featuredmedia":[{"embeddable":true,"href":"https:\/\/www.chezlestices.fr\/CapTice\/wp-json\/wp\/v2\/media\/10223"}],"wp:attachment":[{"href":"https:\/\/www.chezlestices.fr\/CapTice\/wp-json\/wp\/v2\/media?parent=10222"}],"wp:term":[{"taxonomy":"category","embeddable":true,"href":"https:\/\/www.chezlestices.fr\/CapTice\/wp-json\/wp\/v2\/categories?post=10222"},{"taxonomy":"post_tag","embeddable":true,"href":"https:\/\/www.chezlestices.fr\/CapTice\/wp-json\/wp\/v2\/tags?post=10222"}],"curies":[{"name":"wp","href":"https:\/\/api.w.org\/{rel}","templated":true}]}}